{"id":998,"date":"2018-10-12T12:35:05","date_gmt":"2018-10-12T11:35:05","guid":{"rendered":"http:\/\/www.procarbenin.org\/?p=998"},"modified":"2019-10-14T22:56:38","modified_gmt":"2019-10-14T21:56:38","slug":"du-15-au-25-octobre-2018-le-procar-accueille-la-mission-conjointe-de-supervision-fida-gouvernement-du-benin","status":"publish","type":"post","link":"https:\/\/procarbenin.org\/?p=998","title":{"rendered":"Du 15 au 25 octobre 2018 le ProCaR accueille la mission conjointe de supervision FIDA Gouvernement du B\u00e9nin"},"content":{"rendered":"<p>Du 15 au 25 octobre 2018 le ProCaR accueille la mission conjointe de supervision FIDA Gouvernement du B\u00e9nin. L\u2019objectif de cette mission est constater le niveau d\u2019avancement des activit\u00e9s de chacun des deux projets actifs financ\u00e9s par le FIDA \u00e0 savoir le PAPSFRA et le PADMAR. Pendant dix jours les membres de la mission vont examiner les documents mis \u00e0 leur disposition, feront des descentes sur le terrain pour voir les r\u00e9alisations puis formuler des recommandations pour corriger les insuffisances constat\u00e9es.<\/p>\n","protected":false},"excerpt":{"rendered":"<p>Du 15 au 25 octobre 2018 le ProCaR accueille la mission conjointe de supervision FIDA Gouvernement du B\u00e9nin. L\u2019objectif de cette mission est constater le niveau d\u2019avancement des activit\u00e9s de&hellip;<\/p>\n","protected":false},"author":1,"featured_media":0,"comment_status":"closed","ping_status":"closed","sticky":false,"template":"","format":"standard","meta":{"_monsterinsights_skip_tracking":false,"_monsterinsights_sitenote_active":false,"_monsterinsights_sitenote_note":"","_monsterinsights_sitenote_category":0,"iawp_total_views":0,"footnotes":""},"categories":[1],"tags":[],"class_list":["post-998","post","type-post","status-publish","format-standard","hentry","category-non-classe"],"aioseo_notices":[],"_links":{"self":[{"href":"https:\/\/procarbenin.org\/index.php?rest_route=\/wp\/v2\/posts\/998","targetHints":{"allow":["GET"]}}],"collection":[{"href":"https:\/\/procarbenin.org\/index.php?rest_route=\/wp\/v2\/posts"}],"about":[{"href":"https:\/\/procarbenin.org\/index.php?rest_route=\/wp\/v2\/types\/post"}],"author":[{"embeddable":true,"href":"https:\/\/procarbenin.org\/index.php?rest_route=\/wp\/v2\/users\/1"}],"replies":[{"embeddable":true,"href":"https:\/\/procarbenin.org\/index.php?rest_route=%2Fwp%2Fv2%2Fcomments&post=998"}],"version-history":[{"count":1,"href":"https:\/\/procarbenin.org\/index.php?rest_route=\/wp\/v2\/posts\/998\/revisions"}],"predecessor-version":[{"id":999,"href":"https:\/\/procarbenin.org\/index.php?rest_route=\/wp\/v2\/posts\/998\/revisions\/999"}],"wp:attachment":[{"href":"https:\/\/procarbenin.org\/index.php?rest_route=%2Fwp%2Fv2%2Fmedia&parent=998"}],"wp:term":[{"taxonomy":"category","embeddable":true,"href":"https:\/\/procarbenin.org\/index.php?rest_route=%2Fwp%2Fv2%2Fcategories&post=998"},{"taxonomy":"post_tag","embeddable":true,"href":"https:\/\/procarbenin.org\/index.php?rest_route=%2Fwp%2Fv2%2Ftags&post=998"}],"curies":[{"name":"wp","href":"https:\/\/api.w.org\/{rel}","templated":true}]}}