{"id":402,"date":"2018-08-01T13:21:38","date_gmt":"2018-08-01T12:21:38","guid":{"rendered":"http:\/\/www.procarbenin.org\/?p=402"},"modified":"2019-10-14T23:01:33","modified_gmt":"2019-10-14T22:01:33","slug":"titreslide3","status":"publish","type":"post","link":"https:\/\/procarbenin.org\/?p=402","title":{"rendered":"Le mot du ministre"},"content":{"rendered":"<p>Le Fonds International pour le D\u00e9veloppement Agricole (FIDA) appuie depuis 20 ans, \u00e0 travers le Programme Cadre (ProCaR), le secteur agricole au B\u00e9nin. Les Projets actifs<br \/>\ndans ce Programme sont notamment le Projet d\u2019Appui \u00e0 la Croissance Economique Rural (PACER) et le Projet d\u2019Appui \u00e0 la Promotion de Services Financiers Ruraux<br \/>\nAdapt\u00e9s (PAPSFRA). Dans la vision du Gouvernement du Nouveau D\u00e9part, l\u2019agriculture constitue l\u2019important levier de d\u00e9veloppement de notre pays, le B\u00e9nin. C\u2019est pourquoi le Gouvernement ne peut que se r\u00e9jouir de ce partenariat privil\u00e9gi\u00e9 et durable entre le B\u00e9nin et le FIDA. Un tel partenariat est un mod\u00e8le de coop\u00e9ration qui, \u00e0 mon avis, m\u00e9rite d\u2019\u00eatre renforc\u00e9e et dynamis\u00e9e. Il n\u2019est nul doute que le FIDA n\u2019aurait continu\u00e9 de soutenir et d\u2019appuyer ce Programme Cadre (ProCaR), dans toutes ses composantes d\u2019intervention dans le monde rural, si les actions men\u00e9es ne rencontraient pas les objectifs qu\u2019il s\u2019est fix\u00e9s. Il ne nous est pas permis de dormir sur nos lauriers et de nous verser dans l\u2019autosatisfaction \u00e0 l\u2019heure o\u00f9 Son Excellence, Monsieur Patrice TALON, Pr\u00e9sident de la R\u00e9publique, Chef de l\u2019Etat, Chef du Gouvernement attache du prix \u00e0 la gestion rigoureuse et efficiente des ressources de l\u2019Etat et surtout celles mises \u00e0 disposition par des bailleurs de fonds et\/ou Partenaires Techniques et Financiers. Nous nous devons de resserrer les coudes pour nous surpasser en am\u00e9liorant davantage aujourd\u2019hui plus qu\u2019hier, demain plus qu\u2019aujourd\u2019hui tous les \u00e9l\u00e9ments d\u2019optimisation et de performance aussi bien des appuis que nous apportons que de la meilleure productivit\u00e9 et emplois des ressources \u00e0 attendre des b\u00e9n\u00e9ficiaires du FIDA. Il nous faut nous convaincre que, dans cet \u00e9lan du Gouvernement du Nouveau D\u00e9part, nous avons le devoir d\u2019oeuvrer \u00e0 obtenir de tous les b\u00e9n\u00e9ficiaires directs des appuis du FIDA que sont les mara\u00eechers, les acteurs de la fili\u00e8re riz, des producteurs et transformateurs des racines, de tubercules et d\u2019ananas ainsi que les clients des Associations des Services Financiers (ASF) l\u2019accroissement notable de leurs productions en vue, non seulement de garantir l\u2019autosuffisance alimentaire, mais aussi et surtout d\u2019investir le march\u00e9 international. J\u2019adresse mes sinc\u00e8res remerciements au FIDA et \u00e0 tous les cadres et agents \u00e0 divers niveaux de mise en oeuvre des projets actifs du ProCaR en les exhortant \u00e0 plus de d\u00e9termination et de volont\u00e9. Je reste persuad\u00e9 que, dans une synergie d\u2019actions concert\u00e9e en une conjonction de comp\u00e9tences s\u00fbres et d\u2019efforts r\u00e9els, ensemble nous gagnerons le pari.<br \/>\n<strong>Gaston Cossi DOSSOUHOUI<\/strong><br \/>\nMinistre de l\u2019Agriculture, de l\u2019Elevage et de la P\u00eache.<\/p>\n","protected":false},"excerpt":{"rendered":"<p>Le Fonds International pour le D\u00e9veloppement Agricole (FIDA) appuie depuis 20 ans, \u00e0 travers le Programme Cadre (ProCaR), le secteur agricole au B\u00e9nin. Les Projets actifs dans ce Programme sont&hellip;<\/p>\n","protected":false},"author":1,"featured_media":1307,"comment_status":"closed","ping_status":"closed","sticky":false,"template":"","format":"standard","meta":{"_monsterinsights_skip_tracking":false,"_monsterinsights_sitenote_active":false,"_monsterinsights_sitenote_note":"","_monsterinsights_sitenote_category":0,"iawp_total_views":1,"footnotes":""},"categories":[4],"tags":[],"class_list":["post-402","post","type-post","status-publish","format-standard","has-post-thumbnail","hentry","category-categorie-news-slider-identifiant"],"aioseo_notices":[],"_links":{"self":[{"href":"https:\/\/procarbenin.org\/index.php?rest_route=\/wp\/v2\/posts\/402","targetHints":{"allow":["GET"]}}],"collection":[{"href":"https:\/\/procarbenin.org\/index.php?rest_route=\/wp\/v2\/posts"}],"about":[{"href":"https:\/\/procarbenin.org\/index.php?rest_route=\/wp\/v2\/types\/post"}],"author":[{"embeddable":true,"href":"https:\/\/procarbenin.org\/index.php?rest_route=\/wp\/v2\/users\/1"}],"replies":[{"embeddable":true,"href":"https:\/\/procarbenin.org\/index.php?rest_route=%2Fwp%2Fv2%2Fcomments&post=402"}],"version-history":[{"count":4,"href":"https:\/\/procarbenin.org\/index.php?rest_route=\/wp\/v2\/posts\/402\/revisions"}],"predecessor-version":[{"id":1319,"href":"https:\/\/procarbenin.org\/index.php?rest_route=\/wp\/v2\/posts\/402\/revisions\/1319"}],"wp:featuredmedia":[{"embeddable":true,"href":"https:\/\/procarbenin.org\/index.php?rest_route=\/wp\/v2\/media\/1307"}],"wp:attachment":[{"href":"https:\/\/procarbenin.org\/index.php?rest_route=%2Fwp%2Fv2%2Fmedia&parent=402"}],"wp:term":[{"taxonomy":"category","embeddable":true,"href":"https:\/\/procarbenin.org\/index.php?rest_route=%2Fwp%2Fv2%2Fcategories&post=402"},{"taxonomy":"post_tag","embeddable":true,"href":"https:\/\/procarbenin.org\/index.php?rest_route=%2Fwp%2Fv2%2Ftags&post=402"}],"curies":[{"name":"wp","href":"https:\/\/api.w.org\/{rel}","templated":true}]}}