{"id":2865,"date":"2025-05-16T13:39:06","date_gmt":"2025-05-16T12:39:06","guid":{"rendered":"https:\/\/www.procarbenin.org\/?p=2865"},"modified":"2025-05-16T13:39:13","modified_gmt":"2025-05-16T12:39:13","slug":"2865","status":"publish","type":"post","link":"https:\/\/procarbenin.org\/?p=2865","title":{"rendered":""},"content":{"rendered":"\n<p class=\"wp-block-paragraph\">Capitalisation des exp\u00e9riences d\u2019Insertion Professionnelle et Entreprenariat Agricole, voici le th\u00e8me de l\u2019atelier qui a r\u00e9unit le Mardi 06 \u00e0 Mill\u00e9nium POPO BEACH une soixantaine d\u2019experts \/consultants nationaux et internationaux du <a href=\"https:\/\/www.linkedin.com\/search\/results\/all\/?keywords=%23fida&amp;origin=HASH_TAG_FROM_FEED\">hashtag#FIDA<\/a> dans le cadre de la formulation du projet <a href=\"https:\/\/www.linkedin.com\/search\/results\/all\/?keywords=%23profit&amp;origin=HASH_TAG_FROM_FEED\">hashtag#PROFIT<\/a>, un nouveau projet du <a href=\"https:\/\/www.linkedin.com\/search\/results\/all\/?keywords=%23procar&amp;origin=HASH_TAG_FROM_FEED\">hashtag#ProCaR<\/a>. Cofinanc\u00e9 par le Benin et le <a href=\"https:\/\/www.linkedin.com\/search\/results\/all\/?keywords=%23fida&amp;origin=HASH_TAG_FROM_FEED\">hashtag#FIDA<\/a>, le <a href=\"https:\/\/www.linkedin.com\/search\/results\/all\/?keywords=%23profit&amp;origin=HASH_TAG_FROM_FEED\">hashtag#PROFIT<\/a> viendra compl\u00e9ter les efforts fournis par les anciens projets du <a href=\"https:\/\/www.linkedin.com\/search\/results\/all\/?keywords=%23procar&amp;origin=HASH_TAG_FROM_FEED\">hashtag#ProCaR<\/a> dans la r\u00e9duction de la pauvret\u00e9 en milieu rural au Benin. Les conclusions de cet atelier vont nourrir le <a href=\"https:\/\/www.linkedin.com\/search\/results\/all\/?keywords=%23profit&amp;origin=HASH_TAG_FROM_FEED\">hashtag#PROFIT<\/a> qui prendra corps les prochains mois. Notons enfin que c\u2019est au SAGA \/MAEP MR Innocent TOGLA qu\u2019est revenu l\u2019honneur de lancer officiellement les travaux de cet atelier et ce \u00e0 la suite de Dr Sikirou OLOULOTAN coordonnateur du <a href=\"https:\/\/www.linkedin.com\/search\/results\/all\/?keywords=%23procar&amp;origin=HASH_TAG_FROM_FEED\">hashtag#ProCaR<\/a> qui \u00e0 l\u2019entame a souhait\u00e9 la bienvenue aux participants.<\/p>\n","protected":false},"excerpt":{"rendered":"<p>Capitalisation des exp\u00e9riences d\u2019Insertion Professionnelle et Entreprenariat Agricole, voici le th\u00e8me de l\u2019atelier qui a r\u00e9unit le Mardi 06 \u00e0 Mill\u00e9nium POPO BEACH une soixantaine d\u2019experts \/consultants nationaux et internationaux&hellip;<\/p>\n","protected":false},"author":1,"featured_media":0,"comment_status":"closed","ping_status":"closed","sticky":false,"template":"","format":"standard","meta":{"_monsterinsights_skip_tracking":false,"_monsterinsights_sitenote_active":false,"_monsterinsights_sitenote_note":"","_monsterinsights_sitenote_category":0,"iawp_total_views":143,"footnotes":""},"categories":[3,28],"tags":[],"class_list":["post-2865","post","type-post","status-publish","format-standard","hentry","category-categorie-slider-identifiant","category-slider"],"aioseo_notices":[],"aioseo_head":"\n\t\t<!-- All in One SEO 4.9.8 - aioseo.com -->\n\t<meta name=\"description\" content=\"Capitalisation des exp\u00e9riences d\u2019Insertion Professionnelle et Entreprenariat Agricole, voici le th\u00e8me de l\u2019atelier qui a r\u00e9unit le Mardi 06 \u00e0 Mill\u00e9nium POPO BEACH une soixantaine d\u2019experts \/consultants nationaux et internationaux du hashtag#FIDA dans le cadre de la formulation du projet hashtag#PROFIT, un nouveau projet du hashtag#ProCaR. Cofinanc\u00e9 par le Benin et le hashtag#FIDA, le hashtag#PROFIT\" \/>\n\t<meta name=\"robots\" content=\"max-image-preview:large\" \/>\n\t<meta name=\"author\" content=\"admin@procarbenin.org\"\/>\n\t<link rel=\"canonical\" href=\"https:\/\/procarbenin.org\/?p=2865\" \/>\n\t<meta name=\"generator\" content=\"All in One SEO (AIOSEO) 4.9.8\" \/>\n\t\t<meta property=\"og:locale\" content=\"fr_FR\" \/>\n\t\t<meta property=\"og:site_name\" content=\".::ProCaR B\u00e9nin::. - Nous \u0153uvrons pour la r\u00e9duction de la pauvret\u00e9 en milieu rural !\" \/>\n\t\t<meta property=\"og:type\" content=\"article\" \/>\n\t\t<meta property=\"og:title\" content=\"- .::ProCaR B\u00e9nin::.\" \/>\n\t\t<meta property=\"og:description\" content=\"Capitalisation des exp\u00e9riences d\u2019Insertion Professionnelle et Entreprenariat Agricole, voici le th\u00e8me de l\u2019atelier qui a r\u00e9unit le Mardi 06 \u00e0 Mill\u00e9nium POPO BEACH une soixantaine d\u2019experts \/consultants nationaux et internationaux du hashtag#FIDA dans le cadre de la formulation du projet hashtag#PROFIT, un nouveau projet du hashtag#ProCaR. Cofinanc\u00e9 par le Benin et le hashtag#FIDA, le hashtag#PROFIT\" \/>\n\t\t<meta property=\"og:url\" content=\"https:\/\/procarbenin.org\/?p=2865\" \/>\n\t\t<meta property=\"og:image\" content=\"https:\/\/procarbenin.org\/wp-content\/uploads\/2019\/10\/cropped-imo-e1738145775882.jpg\" \/>\n\t\t<meta property=\"og:image:secure_url\" content=\"https:\/\/procarbenin.org\/wp-content\/uploads\/2019\/10\/cropped-imo-e1738145775882.jpg\" \/>\n\t\t<meta property=\"article:published_time\" content=\"2025-05-16T12:39:06+00:00\" \/>\n\t\t<meta property=\"article:modified_time\" content=\"2025-05-16T12:39:13+00:00\" \/>\n\t\t<meta name=\"twitter:card\" content=\"summary_large_image\" \/>\n\t\t<meta name=\"twitter:title\" content=\"- .::ProCaR B\u00e9nin::.\" \/>\n\t\t<meta name=\"twitter:description\" content=\"Capitalisation des exp\u00e9riences d\u2019Insertion Professionnelle et Entreprenariat Agricole, voici le th\u00e8me de l\u2019atelier qui a r\u00e9unit le Mardi 06 \u00e0 Mill\u00e9nium POPO BEACH une soixantaine d\u2019experts \/consultants nationaux et internationaux du hashtag#FIDA dans le cadre de la formulation du projet hashtag#PROFIT, un nouveau projet du hashtag#ProCaR. Cofinanc\u00e9 par le Benin et le hashtag#FIDA, le hashtag#PROFIT\" \/>\n\t\t<meta name=\"twitter:image\" content=\"https:\/\/procarbenin.org\/wp-content\/uploads\/2019\/10\/cropped-imo-e1738145775882.jpg\" \/>\n\t\t<script type=\"application\/ld+json\" class=\"aioseo-schema\">\n\t\t\t{\"@context\":\"https:\\\/\\\/schema.org\",\"@graph\":[{\"@type\":\"BlogPosting\",\"@id\":\"https:\\\/\\\/procarbenin.org\\\/?p=2865#blogposting\",\"name\":\"- .::ProCaR B\\u00e9nin::.\",\"author\":{\"@id\":\"https:\\\/\\\/procarbenin.org\\\/?author=1#author\"},\"publisher\":{\"@id\":\"https:\\\/\\\/procarbenin.org\\\/#organization\"},\"image\":{\"@type\":\"ImageObject\",\"url\":\"https:\\\/\\\/procarbenin.org\\\/wp-content\\\/uploads\\\/2019\\\/10\\\/cropped-imo-e1738145775882.jpg\",\"@id\":\"https:\\\/\\\/procarbenin.org\\\/#articleImage\",\"width\":243,\"height\":206},\"datePublished\":\"2025-05-16T13:39:06+01:00\",\"dateModified\":\"2025-05-16T13:39:13+01:00\",\"inLanguage\":\"fr-FR\",\"mainEntityOfPage\":{\"@id\":\"https:\\\/\\\/procarbenin.org\\\/?p=2865#webpage\"},\"isPartOf\":{\"@id\":\"https:\\\/\\\/procarbenin.org\\\/?p=2865#webpage\"},\"articleSection\":\"La ''une'' defilante, Slider\"},{\"@type\":\"BreadcrumbList\",\"@id\":\"https:\\\/\\\/procarbenin.org\\\/?p=2865#breadcrumblist\",\"itemListElement\":[{\"@type\":\"ListItem\",\"@id\":\"https:\\\/\\\/procarbenin.org#listItem\",\"position\":1,\"name\":\"Home\",\"item\":\"https:\\\/\\\/procarbenin.org\",\"nextItem\":{\"@type\":\"ListItem\",\"@id\":\"https:\\\/\\\/procarbenin.org\\\/?cat=3#listItem\",\"name\":\"La ''une'' defilante\"}},{\"@type\":\"ListItem\",\"@id\":\"https:\\\/\\\/procarbenin.org\\\/?cat=3#listItem\",\"position\":2,\"name\":\"La ''une'' defilante\",\"item\":\"https:\\\/\\\/procarbenin.org\\\/?cat=3\",\"previousItem\":{\"@type\":\"ListItem\",\"@id\":\"https:\\\/\\\/procarbenin.org#listItem\",\"name\":\"Home\"}},{\"@type\":\"ListItem\",\"@id\":\"https:\\\/\\\/procarbenin.org\\\/?p=2865#listItem\",\"position\":3,\"previousItem\":{\"@type\":\"ListItem\",\"@id\":\"https:\\\/\\\/procarbenin.org\\\/?cat=3#listItem\",\"name\":\"La ''une'' defilante\"}}]},{\"@type\":\"Organization\",\"@id\":\"https:\\\/\\\/procarbenin.org\\\/#organization\",\"name\":\".::ProCaR B\\u00e9nin::.\",\"description\":\"Nous \\u0153uvrons pour la r\\u00e9duction de la pauvret\\u00e9 en milieu rural !\",\"url\":\"https:\\\/\\\/procarbenin.org\\\/\",\"logo\":{\"@type\":\"ImageObject\",\"url\":\"https:\\\/\\\/procarbenin.org\\\/wp-content\\\/uploads\\\/2019\\\/10\\\/cropped-imo-e1738145775882.jpg\",\"@id\":\"https:\\\/\\\/procarbenin.org\\\/?p=2865\\\/#organizationLogo\",\"width\":243,\"height\":206},\"image\":{\"@id\":\"https:\\\/\\\/procarbenin.org\\\/?p=2865\\\/#organizationLogo\"}},{\"@type\":\"Person\",\"@id\":\"https:\\\/\\\/procarbenin.org\\\/?author=1#author\",\"url\":\"https:\\\/\\\/procarbenin.org\\\/?author=1\",\"name\":\"admin@procarbenin.org\"},{\"@type\":\"WebPage\",\"@id\":\"https:\\\/\\\/procarbenin.org\\\/?p=2865#webpage\",\"url\":\"https:\\\/\\\/procarbenin.org\\\/?p=2865\",\"name\":\"- .::ProCaR B\\u00e9nin::.\",\"description\":\"Capitalisation des exp\\u00e9riences d\\u2019Insertion Professionnelle et Entreprenariat Agricole, voici le th\\u00e8me de l\\u2019atelier qui a r\\u00e9unit le Mardi 06 \\u00e0 Mill\\u00e9nium POPO BEACH une soixantaine d\\u2019experts \\\/consultants nationaux et internationaux du hashtag#FIDA dans le cadre de la formulation du projet hashtag#PROFIT, un nouveau projet du hashtag#ProCaR. Cofinanc\\u00e9 par le Benin et le hashtag#FIDA, le hashtag#PROFIT\",\"inLanguage\":\"fr-FR\",\"isPartOf\":{\"@id\":\"https:\\\/\\\/procarbenin.org\\\/#website\"},\"breadcrumb\":{\"@id\":\"https:\\\/\\\/procarbenin.org\\\/?p=2865#breadcrumblist\"},\"author\":{\"@id\":\"https:\\\/\\\/procarbenin.org\\\/?author=1#author\"},\"creator\":{\"@id\":\"https:\\\/\\\/procarbenin.org\\\/?author=1#author\"},\"datePublished\":\"2025-05-16T13:39:06+01:00\",\"dateModified\":\"2025-05-16T13:39:13+01:00\"},{\"@type\":\"WebSite\",\"@id\":\"https:\\\/\\\/procarbenin.org\\\/#website\",\"url\":\"https:\\\/\\\/procarbenin.org\\\/\",\"name\":\".::ProCaR B\\u00e9nin::.\",\"description\":\"Nous \\u0153uvrons pour la r\\u00e9duction de la pauvret\\u00e9 en milieu rural !\",\"inLanguage\":\"fr-FR\",\"publisher\":{\"@id\":\"https:\\\/\\\/procarbenin.org\\\/#organization\"}}]}\n\t\t<\/script>\n\t\t<!-- All in One SEO -->\n\n","aioseo_head_json":{"title":"- .::ProCaR B\u00e9nin::.","description":"Capitalisation des exp\u00e9riences d\u2019Insertion Professionnelle et Entreprenariat Agricole, voici le th\u00e8me de l\u2019atelier qui a r\u00e9unit le Mardi 06 \u00e0 Mill\u00e9nium POPO BEACH une soixantaine d\u2019experts \/consultants nationaux et internationaux du hashtag#FIDA dans le cadre de la formulation du projet hashtag#PROFIT, un nouveau projet du hashtag#ProCaR. Cofinanc\u00e9 par le Benin et le hashtag#FIDA, le hashtag#PROFIT","canonical_url":"https:\/\/procarbenin.org\/?p=2865","robots":"max-image-preview:large","keywords":"","webmasterTools":{"miscellaneous":""},"schema":{"@context":"https:\/\/schema.org","@graph":[{"@type":"BlogPosting","@id":"https:\/\/procarbenin.org\/?p=2865#blogposting","name":"- .::ProCaR B\u00e9nin::.","author":{"@id":"https:\/\/procarbenin.org\/?author=1#author"},"publisher":{"@id":"https:\/\/procarbenin.org\/#organization"},"image":{"@type":"ImageObject","url":"https:\/\/procarbenin.org\/wp-content\/uploads\/2019\/10\/cropped-imo-e1738145775882.jpg","@id":"https:\/\/procarbenin.org\/#articleImage","width":243,"height":206},"datePublished":"2025-05-16T13:39:06+01:00","dateModified":"2025-05-16T13:39:13+01:00","inLanguage":"fr-FR","mainEntityOfPage":{"@id":"https:\/\/procarbenin.org\/?p=2865#webpage"},"isPartOf":{"@id":"https:\/\/procarbenin.org\/?p=2865#webpage"},"articleSection":"La ''une'' defilante, Slider"},{"@type":"BreadcrumbList","@id":"https:\/\/procarbenin.org\/?p=2865#breadcrumblist","itemListElement":[{"@type":"ListItem","@id":"https:\/\/procarbenin.org#listItem","position":1,"name":"Home","item":"https:\/\/procarbenin.org","nextItem":{"@type":"ListItem","@id":"https:\/\/procarbenin.org\/?cat=3#listItem","name":"La ''une'' defilante"}},{"@type":"ListItem","@id":"https:\/\/procarbenin.org\/?cat=3#listItem","position":2,"name":"La ''une'' defilante","item":"https:\/\/procarbenin.org\/?cat=3","previousItem":{"@type":"ListItem","@id":"https:\/\/procarbenin.org#listItem","name":"Home"}},{"@type":"ListItem","@id":"https:\/\/procarbenin.org\/?p=2865#listItem","position":3,"previousItem":{"@type":"ListItem","@id":"https:\/\/procarbenin.org\/?cat=3#listItem","name":"La ''une'' defilante"}}]},{"@type":"Organization","@id":"https:\/\/procarbenin.org\/#organization","name":".::ProCaR B\u00e9nin::.","description":"Nous \u0153uvrons pour la r\u00e9duction de la pauvret\u00e9 en milieu rural !","url":"https:\/\/procarbenin.org\/","logo":{"@type":"ImageObject","url":"https:\/\/procarbenin.org\/wp-content\/uploads\/2019\/10\/cropped-imo-e1738145775882.jpg","@id":"https:\/\/procarbenin.org\/?p=2865\/#organizationLogo","width":243,"height":206},"image":{"@id":"https:\/\/procarbenin.org\/?p=2865\/#organizationLogo"}},{"@type":"Person","@id":"https:\/\/procarbenin.org\/?author=1#author","url":"https:\/\/procarbenin.org\/?author=1","name":"admin@procarbenin.org"},{"@type":"WebPage","@id":"https:\/\/procarbenin.org\/?p=2865#webpage","url":"https:\/\/procarbenin.org\/?p=2865","name":"- .::ProCaR B\u00e9nin::.","description":"Capitalisation des exp\u00e9riences d\u2019Insertion Professionnelle et Entreprenariat Agricole, voici le th\u00e8me de l\u2019atelier qui a r\u00e9unit le Mardi 06 \u00e0 Mill\u00e9nium POPO BEACH une soixantaine d\u2019experts \/consultants nationaux et internationaux du hashtag#FIDA dans le cadre de la formulation du projet hashtag#PROFIT, un nouveau projet du hashtag#ProCaR. Cofinanc\u00e9 par le Benin et le hashtag#FIDA, le hashtag#PROFIT","inLanguage":"fr-FR","isPartOf":{"@id":"https:\/\/procarbenin.org\/#website"},"breadcrumb":{"@id":"https:\/\/procarbenin.org\/?p=2865#breadcrumblist"},"author":{"@id":"https:\/\/procarbenin.org\/?author=1#author"},"creator":{"@id":"https:\/\/procarbenin.org\/?author=1#author"},"datePublished":"2025-05-16T13:39:06+01:00","dateModified":"2025-05-16T13:39:13+01:00"},{"@type":"WebSite","@id":"https:\/\/procarbenin.org\/#website","url":"https:\/\/procarbenin.org\/","name":".::ProCaR B\u00e9nin::.","description":"Nous \u0153uvrons pour la r\u00e9duction de la pauvret\u00e9 en milieu rural !","inLanguage":"fr-FR","publisher":{"@id":"https:\/\/procarbenin.org\/#organization"}}]},"og:locale":"fr_FR","og:site_name":".::ProCaR B\u00e9nin::. - Nous \u0153uvrons pour la r\u00e9duction de la pauvret\u00e9 en milieu rural !","og:type":"article","og:title":"- .::ProCaR B\u00e9nin::.","og:description":"Capitalisation des exp\u00e9riences d\u2019Insertion Professionnelle et Entreprenariat Agricole, voici le th\u00e8me de l\u2019atelier qui a r\u00e9unit le Mardi 06 \u00e0 Mill\u00e9nium POPO BEACH une soixantaine d\u2019experts \/consultants nationaux et internationaux du hashtag#FIDA dans le cadre de la formulation du projet hashtag#PROFIT, un nouveau projet du hashtag#ProCaR. Cofinanc\u00e9 par le Benin et le hashtag#FIDA, le hashtag#PROFIT","og:url":"https:\/\/procarbenin.org\/?p=2865","og:image":"https:\/\/procarbenin.org\/wp-content\/uploads\/2019\/10\/cropped-imo-e1738145775882.jpg","og:image:secure_url":"https:\/\/procarbenin.org\/wp-content\/uploads\/2019\/10\/cropped-imo-e1738145775882.jpg","article:published_time":"2025-05-16T12:39:06+00:00","article:modified_time":"2025-05-16T12:39:13+00:00","twitter:card":"summary_large_image","twitter:title":"- .::ProCaR B\u00e9nin::.","twitter:description":"Capitalisation des exp\u00e9riences d\u2019Insertion Professionnelle et Entreprenariat Agricole, voici le th\u00e8me de l\u2019atelier qui a r\u00e9unit le Mardi 06 \u00e0 Mill\u00e9nium POPO BEACH une soixantaine d\u2019experts \/consultants nationaux et internationaux du hashtag#FIDA dans le cadre de la formulation du projet hashtag#PROFIT, un nouveau projet du hashtag#ProCaR. Cofinanc\u00e9 par le Benin et le hashtag#FIDA, le hashtag#PROFIT","twitter:image":"https:\/\/procarbenin.org\/wp-content\/uploads\/2019\/10\/cropped-imo-e1738145775882.jpg"},"aioseo_meta_data":{"post_id":"2865","title":null,"description":null,"keywords":null,"keyphrases":{"focus":{"keyphrase":"","score":0,"analysis":{"keyphraseInTitle":{"score":0,"maxScore":9,"error":1}}},"additional":[]},"primary_term":null,"canonical_url":null,"og_title":null,"og_description":null,"og_object_type":"default","og_image_type":"default","og_image_url":null,"og_image_width":null,"og_image_height":null,"og_image_custom_url":null,"og_image_custom_fields":null,"og_video":"","og_custom_url":null,"og_article_section":null,"og_article_tags":null,"twitter_use_og":false,"twitter_card":"default","twitter_image_type":"default","twitter_image_url":null,"twitter_image_custom_url":null,"twitter_image_custom_fields":null,"twitter_title":null,"twitter_description":null,"schema":{"blockGraphs":[],"customGraphs":[],"default":{"data":{"Article":[],"Course":[],"Dataset":[],"FAQPage":[],"Movie":[],"Person":[],"Product":[],"ProductReview":[],"Car":[],"Recipe":[],"Service":[],"SoftwareApplication":[],"WebPage":[]},"graphName":"BlogPosting","isEnabled":true},"graphs":[]},"schema_type":"default","schema_type_options":null,"pillar_content":false,"robots_default":true,"robots_noindex":false,"robots_noarchive":false,"robots_nosnippet":false,"robots_nofollow":false,"robots_noimageindex":false,"robots_noodp":false,"robots_notranslate":false,"robots_max_snippet":"-1","robots_max_videopreview":"-1","robots_max_imagepreview":"large","priority":null,"frequency":"default","local_seo":null,"breadcrumb_settings":null,"limit_modified_date":false,"ai":null,"created":"2025-05-16 12:39:14","updated":"2026-04-30 00:51:08","seo_analyzer_scan_date":null},"aioseo_breadcrumb":"<div class=\"aioseo-breadcrumbs\"><span class=\"aioseo-breadcrumb\">\n\t\t\t<a href=\"https:\/\/procarbenin.org\" title=\"Home\">Home<\/a>\n\t\t<\/span><span class=\"aioseo-breadcrumb-separator\">&raquo;<\/span><span class=\"aioseo-breadcrumb\">\n\t\t\t<a href=\"https:\/\/procarbenin.org\/?cat=3\" title=\"La &apos;&apos;une&apos;&apos; defilante\">La ''une'' defilante<\/a>\n\t\t<\/span><span class=\"aioseo-breadcrumb-separator\">&raquo;<\/span><span class=\"aioseo-breadcrumb\">\n\t\t\t\n\t\t<\/span><\/div>","aioseo_breadcrumb_json":[{"label":"Home","link":"https:\/\/procarbenin.org"},{"label":"La ''une'' defilante","link":"https:\/\/procarbenin.org\/?cat=3"},{"label":"","link":"https:\/\/procarbenin.org\/?p=2865"}],"_links":{"self":[{"href":"https:\/\/procarbenin.org\/index.php?rest_route=\/wp\/v2\/posts\/2865","targetHints":{"allow":["GET"]}}],"collection":[{"href":"https:\/\/procarbenin.org\/index.php?rest_route=\/wp\/v2\/posts"}],"about":[{"href":"https:\/\/procarbenin.org\/index.php?rest_route=\/wp\/v2\/types\/post"}],"author":[{"embeddable":true,"href":"https:\/\/procarbenin.org\/index.php?rest_route=\/wp\/v2\/users\/1"}],"replies":[{"embeddable":true,"href":"https:\/\/procarbenin.org\/index.php?rest_route=%2Fwp%2Fv2%2Fcomments&post=2865"}],"version-history":[{"count":1,"href":"https:\/\/procarbenin.org\/index.php?rest_route=\/wp\/v2\/posts\/2865\/revisions"}],"predecessor-version":[{"id":2866,"href":"https:\/\/procarbenin.org\/index.php?rest_route=\/wp\/v2\/posts\/2865\/revisions\/2866"}],"wp:attachment":[{"href":"https:\/\/procarbenin.org\/index.php?rest_route=%2Fwp%2Fv2%2Fmedia&parent=2865"}],"wp:term":[{"taxonomy":"category","embeddable":true,"href":"https:\/\/procarbenin.org\/index.php?rest_route=%2Fwp%2Fv2%2Fcategories&post=2865"},{"taxonomy":"post_tag","embeddable":true,"href":"https:\/\/procarbenin.org\/index.php?rest_route=%2Fwp%2Fv2%2Ftags&post=2865"}],"curies":[{"name":"wp","href":"https:\/\/api.w.org\/{rel}","templated":true}]}}