{"id":2778,"date":"2025-03-12T08:04:11","date_gmt":"2025-03-12T07:04:11","guid":{"rendered":"https:\/\/www.procarbenin.org\/?p=2778"},"modified":"2025-03-12T08:05:20","modified_gmt":"2025-03-12T07:05:20","slug":"inauguration-de-son-bureau-pays-le-fida-siege-au-benin-pour-plus-defficacite-dintervention-dans-la-sous-region","status":"publish","type":"post","link":"https:\/\/procarbenin.org\/?p=2778","title":{"rendered":"INAUGURATION DE SON BUREAU PAYS, LE FIDA SIEGE \u00a0AU BENIN POUR PLUS D\u2019EFFICACITE D\u2019INTERVENTION DANS LA SOUS REGION"},"content":{"rendered":"\n<p>Le bureau pays du Fonds International de D\u00e9veloppement Agricole (FIDA) au B\u00e9nin a \u00e9t\u00e9 inaugur\u00e9 ce mardi 11 mars 2025 \u00e0 Cotonou. Une repr\u00e9sentation par laquelle le Fonds entend mieux soutenir les agendas nationaux de d\u00e9veloppement des pays membres de la sous-r\u00e9gion.\u00a0<br><br>Le FIDA si\u00e8ge d\u00e9sormais au B\u00e9nin. Une bonne nouvelle pour le B\u00e9nin et les pays membres de la sous-r\u00e9gion Ouest-africaine. En effet, pour sa Vice-pr\u00e9sidente, Madame G\u00e9rardine MUKESHMANA, venue inaugurer le si\u00e8ge en compagnie du Ministre de l\u2019Agriculture, de l\u2019\u00c9levage et de la P\u00eache, Monsieur Gaston Cossi DOSSOUHOUI, c\u2019est un atout pour l\u2019efficacit\u00e9 des actions du Fonds dans la sous-r\u00e9gion.\u00a0<br><br>\u00ab Depuis 2018, le FIDA a engag\u00e9 des r\u00e9formes pour am\u00e9liorer son efficacit\u00e9, notamment par la d\u00e9centralisation de ses \u00e9quipes. Cette initiative, D\u00e9centralisation 2.0 (D2.0), vise \u00e0 renforcer notre pr\u00e9sence sur le terrain, soutenir les agendas nationaux de d\u00e9veloppement et am\u00e9liorer notre impact pour contribuer aux Objectifs de D\u00e9veloppement Durable. C\u2019est dans cette optique que s\u2019inscrit l\u2019ouverture du bureau pays du FIDA au B\u00e9nin \u00bb. Puis elle remercie le B\u00e9nin pour cette opportunit\u00e9. \u00ab Au nom du pr\u00e9sident du FIDA et de toute la famille du FIDA, je tiens \u00e0 exprimer notre sinc\u00e8re gratitude au Gouvernement du B\u00e9nin pour l\u2019accueil de ce bureau et pour ce beau b\u00e2timent mis \u00e0 notre disposition. Ce lieu sera le point de convergence de nos id\u00e9es et actions pour le d\u00e9veloppement rural du B\u00e9nin, en collaboration avec les autres partenaires \u00bb.\u00a0<br><br>Madame G\u00e9rardine MUKESHMANA a \u00e9galement saisi cette occasion pour souligner que depuis 1978, le FIDA coop\u00e8re avec le B\u00e9nin afin de\u00a0transformer ses syst\u00e8mes alimentaires et lutter contre la pauvret\u00e9 rurale. Ce partenariat, a-t-elle pr\u00e9cis\u00e9, a b\u00e9n\u00e9fici\u00e9 \u00e0 plus de 500.000 m\u00e9nages engag\u00e9s dans l\u2019agriculture familiale, principalement des femmes et des jeunes.\u00a0<br><br>\u00ab L\u2019ouverture du Bureau de Cotonou, loin d\u2019\u00eatre une victoire diplomatique, constitue un m\u00e9rite comme en t\u00e9moignent les performances du portefeuille B\u00e9nin. Le bureau de Cotonou permettra \u00e0 coup s\u00fbr de mobiliser plus de ressources, de produire plus de r\u00e9sultats dans l\u2019efficacit\u00e9 et l\u2019efficience de la strat\u00e9gie d\u2019intervention du FIDA aussi bien pour le B\u00e9nin que pour le Togo. \u00c0 terme, le Bureau de Cotonou permettra d\u2019impacter positivement les populations des deux pays dans la r\u00e9alisation des Objectifs de D\u00e9veloppement Durable (ODD) \u00bb, a ajout\u00e9 le Ministre Gaston Cossi DOSSOUHOUI.\u00a0<br><br>Le Ministre DOSSOUHOUI a \u00e9galement mentionn\u00e9 que le portefeuille actif du FIDA au B\u00e9nin est constitu\u00e9 de trois projets pour un total de 220.116.171 millions de dollars soit 117.762.151.485 Milliards de FCFA en mars 2025. Il s\u2019agit du Projet d&rsquo;Appui au D\u00e9veloppement du Maraichage Extension (PADMAR) dot\u00e9 de 51 464 671 millions USD soit 33 125 656 489 milliards FCFA ; du Projet d\u2019Appui au D\u00e9veloppement Agricole et \u00e0 l\u2019Acc\u00e8s au March\u00e9 (PADAAM) financ\u00e9 avec 105.824.000 millions USD soit 56.615.840.000 milliards FCFA et du Programme R\u00e9gional d&rsquo;Int\u00e9gration des March\u00e9s Agricoles (PRIMA) d\u2019un budget de 62 827 500 millions USD soit 36 754 087 500 milliards FCFA. Ce portefeuille, toujours selon le Ministre, sera \u00e9toff\u00e9 par un nouveau projet actuellement en cours de formulation sur l\u2019insertion des jeunes et femmes professionnels dans l\u2019agriculture.<\/p>\n\n\n\n<figure class=\"wp-block-gallery has-nested-images columns-default is-cropped wp-block-gallery-1 is-layout-flex wp-block-gallery-is-layout-flex\">\n<figure class=\"wp-block-image size-large\"><img loading=\"lazy\" decoding=\"async\" width=\"1024\" height=\"683\" data-id=\"2782\" src=\"https:\/\/www.procarbenin.org\/wp-content\/uploads\/2025\/03\/7ac1ded7-d4d4-44fb-ac40-841809043883-1024x683.jpg\" alt=\"\" class=\"wp-image-2782\" srcset=\"https:\/\/procarbenin.org\/wp-content\/uploads\/2025\/03\/7ac1ded7-d4d4-44fb-ac40-841809043883-1024x683.jpg 1024w, https:\/\/procarbenin.org\/wp-content\/uploads\/2025\/03\/7ac1ded7-d4d4-44fb-ac40-841809043883-300x200.jpg 300w, https:\/\/procarbenin.org\/wp-content\/uploads\/2025\/03\/7ac1ded7-d4d4-44fb-ac40-841809043883-768x512.jpg 768w, https:\/\/procarbenin.org\/wp-content\/uploads\/2025\/03\/7ac1ded7-d4d4-44fb-ac40-841809043883.jpg 1080w\" sizes=\"auto, (max-width: 1024px) 100vw, 1024px\" \/><\/figure>\n\n\n\n<figure class=\"wp-block-image size-large\"><img loading=\"lazy\" decoding=\"async\" width=\"1024\" height=\"683\" data-id=\"2785\" src=\"https:\/\/www.procarbenin.org\/wp-content\/uploads\/2025\/03\/89b03bc6-ab99-4e97-b133-5d4009ba956d-1024x683.jpg\" alt=\"\" class=\"wp-image-2785\" srcset=\"https:\/\/procarbenin.org\/wp-content\/uploads\/2025\/03\/89b03bc6-ab99-4e97-b133-5d4009ba956d-1024x683.jpg 1024w, https:\/\/procarbenin.org\/wp-content\/uploads\/2025\/03\/89b03bc6-ab99-4e97-b133-5d4009ba956d-300x200.jpg 300w, https:\/\/procarbenin.org\/wp-content\/uploads\/2025\/03\/89b03bc6-ab99-4e97-b133-5d4009ba956d-768x512.jpg 768w, https:\/\/procarbenin.org\/wp-content\/uploads\/2025\/03\/89b03bc6-ab99-4e97-b133-5d4009ba956d.jpg 1080w\" sizes=\"auto, (max-width: 1024px) 100vw, 1024px\" \/><\/figure>\n\n\n\n<figure class=\"wp-block-image size-large\"><img loading=\"lazy\" decoding=\"async\" width=\"1024\" height=\"683\" data-id=\"2783\" src=\"https:\/\/www.procarbenin.org\/wp-content\/uploads\/2025\/03\/047300d7-e441-4bb2-8ac4-82876ecd6bf9-1-1024x683.jpg\" alt=\"\" class=\"wp-image-2783\" srcset=\"https:\/\/procarbenin.org\/wp-content\/uploads\/2025\/03\/047300d7-e441-4bb2-8ac4-82876ecd6bf9-1-1024x683.jpg 1024w, https:\/\/procarbenin.org\/wp-content\/uploads\/2025\/03\/047300d7-e441-4bb2-8ac4-82876ecd6bf9-1-300x200.jpg 300w, https:\/\/procarbenin.org\/wp-content\/uploads\/2025\/03\/047300d7-e441-4bb2-8ac4-82876ecd6bf9-1-768x512.jpg 768w, https:\/\/procarbenin.org\/wp-content\/uploads\/2025\/03\/047300d7-e441-4bb2-8ac4-82876ecd6bf9-1.jpg 1080w\" sizes=\"auto, (max-width: 1024px) 100vw, 1024px\" \/><\/figure>\n\n\n\n<figure class=\"wp-block-image size-large\"><img loading=\"lazy\" decoding=\"async\" width=\"1024\" height=\"683\" data-id=\"2779\" src=\"https:\/\/www.procarbenin.org\/wp-content\/uploads\/2025\/03\/47374ad0-95c3-4581-b8f0-c02f635c4d27-1024x683.jpg\" alt=\"\" class=\"wp-image-2779\" srcset=\"https:\/\/procarbenin.org\/wp-content\/uploads\/2025\/03\/47374ad0-95c3-4581-b8f0-c02f635c4d27-1024x683.jpg 1024w, https:\/\/procarbenin.org\/wp-content\/uploads\/2025\/03\/47374ad0-95c3-4581-b8f0-c02f635c4d27-300x200.jpg 300w, https:\/\/procarbenin.org\/wp-content\/uploads\/2025\/03\/47374ad0-95c3-4581-b8f0-c02f635c4d27-768x512.jpg 768w, https:\/\/procarbenin.org\/wp-content\/uploads\/2025\/03\/47374ad0-95c3-4581-b8f0-c02f635c4d27.jpg 1080w\" sizes=\"auto, (max-width: 1024px) 100vw, 1024px\" \/><\/figure>\n\n\n\n<figure class=\"wp-block-image size-large\"><img loading=\"lazy\" decoding=\"async\" width=\"1024\" height=\"683\" data-id=\"2781\" src=\"https:\/\/www.procarbenin.org\/wp-content\/uploads\/2025\/03\/b7f84549-bd0f-4b3b-a44b-1794dd5a9d58-1024x683.jpg\" alt=\"\" class=\"wp-image-2781\" srcset=\"https:\/\/procarbenin.org\/wp-content\/uploads\/2025\/03\/b7f84549-bd0f-4b3b-a44b-1794dd5a9d58-1024x683.jpg 1024w, https:\/\/procarbenin.org\/wp-content\/uploads\/2025\/03\/b7f84549-bd0f-4b3b-a44b-1794dd5a9d58-300x200.jpg 300w, https:\/\/procarbenin.org\/wp-content\/uploads\/2025\/03\/b7f84549-bd0f-4b3b-a44b-1794dd5a9d58-768x512.jpg 768w, https:\/\/procarbenin.org\/wp-content\/uploads\/2025\/03\/b7f84549-bd0f-4b3b-a44b-1794dd5a9d58.jpg 1080w\" sizes=\"auto, (max-width: 1024px) 100vw, 1024px\" \/><\/figure>\n\n\n\n<figure class=\"wp-block-image size-large\"><img loading=\"lazy\" decoding=\"async\" width=\"1024\" height=\"683\" data-id=\"2784\" src=\"https:\/\/www.procarbenin.org\/wp-content\/uploads\/2025\/03\/c59d52df-0183-4adb-9581-01ec3d5e85db-1024x683.jpg\" alt=\"\" class=\"wp-image-2784\" srcset=\"https:\/\/procarbenin.org\/wp-content\/uploads\/2025\/03\/c59d52df-0183-4adb-9581-01ec3d5e85db-1024x683.jpg 1024w, https:\/\/procarbenin.org\/wp-content\/uploads\/2025\/03\/c59d52df-0183-4adb-9581-01ec3d5e85db-300x200.jpg 300w, https:\/\/procarbenin.org\/wp-content\/uploads\/2025\/03\/c59d52df-0183-4adb-9581-01ec3d5e85db-768x512.jpg 768w, https:\/\/procarbenin.org\/wp-content\/uploads\/2025\/03\/c59d52df-0183-4adb-9581-01ec3d5e85db.jpg 1080w\" sizes=\"auto, (max-width: 1024px) 100vw, 1024px\" \/><\/figure>\n\n\n\n<figure class=\"wp-block-image size-large\"><img loading=\"lazy\" decoding=\"async\" width=\"1024\" height=\"683\" data-id=\"2780\" src=\"https:\/\/www.procarbenin.org\/wp-content\/uploads\/2025\/03\/fb2e9f80-6b16-436a-8a14-176125ac631b-1024x683.jpg\" alt=\"\" class=\"wp-image-2780\" srcset=\"https:\/\/procarbenin.org\/wp-content\/uploads\/2025\/03\/fb2e9f80-6b16-436a-8a14-176125ac631b-1024x683.jpg 1024w, https:\/\/procarbenin.org\/wp-content\/uploads\/2025\/03\/fb2e9f80-6b16-436a-8a14-176125ac631b-300x200.jpg 300w, https:\/\/procarbenin.org\/wp-content\/uploads\/2025\/03\/fb2e9f80-6b16-436a-8a14-176125ac631b-768x512.jpg 768w, https:\/\/procarbenin.org\/wp-content\/uploads\/2025\/03\/fb2e9f80-6b16-436a-8a14-176125ac631b.jpg 1080w\" sizes=\"auto, (max-width: 1024px) 100vw, 1024px\" \/><\/figure>\n<\/figure>\n","protected":false},"excerpt":{"rendered":"<p>Le bureau pays du Fonds International de D\u00e9veloppement Agricole (FIDA) au B\u00e9nin a \u00e9t\u00e9 inaugur\u00e9 ce mardi 11 mars 2025 \u00e0 Cotonou. Une repr\u00e9sentation par laquelle le Fonds entend mieux&hellip;<\/p>\n","protected":false},"author":10,"featured_media":0,"comment_status":"closed","ping_status":"closed","sticky":false,"template":"","format":"standard","meta":{"_monsterinsights_skip_tracking":false,"_monsterinsights_sitenote_active":false,"_monsterinsights_sitenote_note":"","_monsterinsights_sitenote_category":0,"iawp_total_views":33,"footnotes":""},"categories":[4,15,3,28],"tags":[],"class_list":["post-2778","post","type-post","status-publish","format-standard","hentry","category-categorie-news-slider-identifiant","category-informations","category-categorie-slider-identifiant","category-slider"],"aioseo_notices":[],"_links":{"self":[{"href":"https:\/\/procarbenin.org\/index.php?rest_route=\/wp\/v2\/posts\/2778","targetHints":{"allow":["GET"]}}],"collection":[{"href":"https:\/\/procarbenin.org\/index.php?rest_route=\/wp\/v2\/posts"}],"about":[{"href":"https:\/\/procarbenin.org\/index.php?rest_route=\/wp\/v2\/types\/post"}],"author":[{"embeddable":true,"href":"https:\/\/procarbenin.org\/index.php?rest_route=\/wp\/v2\/users\/10"}],"replies":[{"embeddable":true,"href":"https:\/\/procarbenin.org\/index.php?rest_route=%2Fwp%2Fv2%2Fcomments&post=2778"}],"version-history":[{"count":1,"href":"https:\/\/procarbenin.org\/index.php?rest_route=\/wp\/v2\/posts\/2778\/revisions"}],"predecessor-version":[{"id":2786,"href":"https:\/\/procarbenin.org\/index.php?rest_route=\/wp\/v2\/posts\/2778\/revisions\/2786"}],"wp:attachment":[{"href":"https:\/\/procarbenin.org\/index.php?rest_route=%2Fwp%2Fv2%2Fmedia&parent=2778"}],"wp:term":[{"taxonomy":"category","embeddable":true,"href":"https:\/\/procarbenin.org\/index.php?rest_route=%2Fwp%2Fv2%2Fcategories&post=2778"},{"taxonomy":"post_tag","embeddable":true,"href":"https:\/\/procarbenin.org\/index.php?rest_route=%2Fwp%2Fv2%2Ftags&post=2778"}],"curies":[{"name":"wp","href":"https:\/\/api.w.org\/{rel}","templated":true}]}}