{"id":2775,"date":"2025-03-10T17:07:03","date_gmt":"2025-03-10T16:07:03","guid":{"rendered":"https:\/\/www.procarbenin.org\/?p=2775"},"modified":"2025-03-10T17:07:09","modified_gmt":"2025-03-10T16:07:09","slug":"visite-de-la-vice-presidente-du-fida-au-benin","status":"publish","type":"post","link":"https:\/\/procarbenin.org\/?p=2775","title":{"rendered":"Visite de la vice-pr\u00e9sidente du FIDA au B\u00e9nin"},"content":{"rendered":"\n<p>La coop\u00e9rative rizicole MATEKPO de Grand-popo re\u00e7oit aujourd&rsquo;hui 10 Mars 2025 une d\u00e9l\u00e9gation constitu\u00e9e de la <strong>vice-pr\u00e9sidente du FIDA<\/strong>, madame <strong>G\u00e9raldine MUKESHIMANA<\/strong>, la <strong>coordonnatrice du syst\u00e8me des Nations Unis, madame Aminatou SAR <\/strong>avec \u00e0 sa t\u00eate le ministre de l&rsquo;agriculture de l&rsquo;\u00e9levage et de la p\u00eache monsieur <strong>Gaston DOSSOUHOUI<\/strong>, le pr\u00e9fet du d\u00e9partement du Mono,le <strong>coordonnateur du PRoCaR Dr Sikirou OLOULOTAN<\/strong>, les chefs des diff\u00e9rents projets mis en \u0153uvre par le PRoCaR sur co-financement du FIDA et du gouvernement du B\u00e9nin et des fonds OPEP. L&rsquo;objectif de la visite est de d\u00e9couvrir les acquis des projets <strong>PADAAM<\/strong> et <strong>PADMAR<\/strong> \u00e0 travers les acquis sur le terrain.<\/p>\n\n\n\n<figure class=\"wp-block-image size-large\"><img loading=\"lazy\" decoding=\"async\" width=\"1024\" height=\"768\" src=\"https:\/\/www.procarbenin.org\/wp-content\/uploads\/2025\/03\/0a7b4dc9-93cb-42d6-a6f0-2fe02c0ee16c-1024x768.jpg\" alt=\"\" class=\"wp-image-2776\" srcset=\"https:\/\/procarbenin.org\/wp-content\/uploads\/2025\/03\/0a7b4dc9-93cb-42d6-a6f0-2fe02c0ee16c-1024x768.jpg 1024w, https:\/\/procarbenin.org\/wp-content\/uploads\/2025\/03\/0a7b4dc9-93cb-42d6-a6f0-2fe02c0ee16c-300x225.jpg 300w, https:\/\/procarbenin.org\/wp-content\/uploads\/2025\/03\/0a7b4dc9-93cb-42d6-a6f0-2fe02c0ee16c-768x576.jpg 768w, https:\/\/procarbenin.org\/wp-content\/uploads\/2025\/03\/0a7b4dc9-93cb-42d6-a6f0-2fe02c0ee16c.jpg 1080w\" sizes=\"auto, (max-width: 1024px) 100vw, 1024px\" \/><\/figure>\n","protected":false},"excerpt":{"rendered":"<p>La coop\u00e9rative rizicole MATEKPO de Grand-popo re\u00e7oit aujourd&rsquo;hui 10 Mars 2025 une d\u00e9l\u00e9gation constitu\u00e9e de la vice-pr\u00e9sidente du FIDA, madame G\u00e9raldine MUKESHIMANA, la coordonnatrice du syst\u00e8me des Nations Unis, madame&hellip;<\/p>\n","protected":false},"author":10,"featured_media":0,"comment_status":"closed","ping_status":"closed","sticky":false,"template":"","format":"standard","meta":{"_monsterinsights_skip_tracking":false,"_monsterinsights_sitenote_active":false,"_monsterinsights_sitenote_note":"","_monsterinsights_sitenote_category":0,"iawp_total_views":14,"footnotes":""},"categories":[15,9],"tags":[],"class_list":["post-2775","post","type-post","status-publish","format-standard","hentry","category-informations","category-nos-actualites"],"aioseo_notices":[],"_links":{"self":[{"href":"https:\/\/procarbenin.org\/index.php?rest_route=\/wp\/v2\/posts\/2775","targetHints":{"allow":["GET"]}}],"collection":[{"href":"https:\/\/procarbenin.org\/index.php?rest_route=\/wp\/v2\/posts"}],"about":[{"href":"https:\/\/procarbenin.org\/index.php?rest_route=\/wp\/v2\/types\/post"}],"author":[{"embeddable":true,"href":"https:\/\/procarbenin.org\/index.php?rest_route=\/wp\/v2\/users\/10"}],"replies":[{"embeddable":true,"href":"https:\/\/procarbenin.org\/index.php?rest_route=%2Fwp%2Fv2%2Fcomments&post=2775"}],"version-history":[{"count":1,"href":"https:\/\/procarbenin.org\/index.php?rest_route=\/wp\/v2\/posts\/2775\/revisions"}],"predecessor-version":[{"id":2777,"href":"https:\/\/procarbenin.org\/index.php?rest_route=\/wp\/v2\/posts\/2775\/revisions\/2777"}],"wp:attachment":[{"href":"https:\/\/procarbenin.org\/index.php?rest_route=%2Fwp%2Fv2%2Fmedia&parent=2775"}],"wp:term":[{"taxonomy":"category","embeddable":true,"href":"https:\/\/procarbenin.org\/index.php?rest_route=%2Fwp%2Fv2%2Fcategories&post=2775"},{"taxonomy":"post_tag","embeddable":true,"href":"https:\/\/procarbenin.org\/index.php?rest_route=%2Fwp%2Fv2%2Ftags&post=2775"}],"curies":[{"name":"wp","href":"https:\/\/api.w.org\/{rel}","templated":true}]}}