{"id":2766,"date":"2025-02-28T12:09:16","date_gmt":"2025-02-28T11:09:16","guid":{"rendered":"https:\/\/www.procarbenin.org\/?p=2766"},"modified":"2025-02-28T12:09:22","modified_gmt":"2025-02-28T11:09:22","slug":"cooperation-gouvernement-fida","status":"publish","type":"post","link":"https:\/\/procarbenin.org\/?p=2766","title":{"rendered":"Coop\u00e9ration Gouvernement -FIDA"},"content":{"rendered":"\n<p><\/p>\n\n\n\n<p><em><strong>Ouverture du bureau pays du FIDA au B\u00e9nin<\/strong><\/em><\/p>\n\n\n\n<p><em>Le Fond International de D\u00e9veloppement Agricole (<strong>FIDA<\/strong>) installe officiellement son bureau au B\u00e9nin. Ceci s\u2019inscrit dans le cadre du renforcement du partenariat entre cette institution et le gouvernement afin de permettre un suivi plus rapproch\u00e9 des actions de tous les projets actifs du <strong>ProCaR<\/strong><\/em><\/p>\n\n\n\n<p><em>En pr\u00e9lude \u00e0 la c\u00e9r\u00e9monie officielle d\u2019inauguration du si\u00e8ge du <strong>FIDA<\/strong> \u00e0 Cotonou pr\u00e9vu pour le mardi 11 mars 2025, une visite de terrain sera effectu\u00e9e la veille c\u2019est-\u00e0-dire le lundi 10 mars par la vice-pr\u00e9sidente du FIDA et la d\u00e9l\u00e9gation qui l\u2019accompagne dans la commune de Ouidah. Cette occasion permettra \u00e0 l\u2019\u00e9quipe du ProCaR conduite par son Coordonnateur national <strong>Dr Sikirou OLOULOTAN<\/strong> de faire d\u00e9couvrir \u00e0 toutes l\u2019\u00e9quipe du <strong>FIDA <\/strong>les acquis des projets actifs et plus sp\u00e9cifiquement ceux du des projets <strong>PADAAM <\/strong>et <strong>PADMAR.<\/strong><\/em><\/p>\n","protected":false},"excerpt":{"rendered":"<p>Ouverture du bureau pays du FIDA au B\u00e9nin Le Fond International de D\u00e9veloppement Agricole (FIDA) installe officiellement son bureau au B\u00e9nin. Ceci s\u2019inscrit dans le cadre du renforcement du partenariat&hellip;<\/p>\n","protected":false},"author":10,"featured_media":0,"comment_status":"closed","ping_status":"closed","sticky":false,"template":"","format":"standard","meta":{"_monsterinsights_skip_tracking":false,"_monsterinsights_sitenote_active":false,"_monsterinsights_sitenote_note":"","_monsterinsights_sitenote_category":0,"iawp_total_views":21,"footnotes":""},"categories":[3,28],"tags":[],"class_list":["post-2766","post","type-post","status-publish","format-standard","hentry","category-categorie-slider-identifiant","category-slider"],"aioseo_notices":[],"_links":{"self":[{"href":"https:\/\/procarbenin.org\/index.php?rest_route=\/wp\/v2\/posts\/2766","targetHints":{"allow":["GET"]}}],"collection":[{"href":"https:\/\/procarbenin.org\/index.php?rest_route=\/wp\/v2\/posts"}],"about":[{"href":"https:\/\/procarbenin.org\/index.php?rest_route=\/wp\/v2\/types\/post"}],"author":[{"embeddable":true,"href":"https:\/\/procarbenin.org\/index.php?rest_route=\/wp\/v2\/users\/10"}],"replies":[{"embeddable":true,"href":"https:\/\/procarbenin.org\/index.php?rest_route=%2Fwp%2Fv2%2Fcomments&post=2766"}],"version-history":[{"count":1,"href":"https:\/\/procarbenin.org\/index.php?rest_route=\/wp\/v2\/posts\/2766\/revisions"}],"predecessor-version":[{"id":2767,"href":"https:\/\/procarbenin.org\/index.php?rest_route=\/wp\/v2\/posts\/2766\/revisions\/2767"}],"wp:attachment":[{"href":"https:\/\/procarbenin.org\/index.php?rest_route=%2Fwp%2Fv2%2Fmedia&parent=2766"}],"wp:term":[{"taxonomy":"category","embeddable":true,"href":"https:\/\/procarbenin.org\/index.php?rest_route=%2Fwp%2Fv2%2Fcategories&post=2766"},{"taxonomy":"post_tag","embeddable":true,"href":"https:\/\/procarbenin.org\/index.php?rest_route=%2Fwp%2Fv2%2Ftags&post=2766"}],"curies":[{"name":"wp","href":"https:\/\/api.w.org\/{rel}","templated":true}]}}