{"id":2751,"date":"2025-02-19T13:04:54","date_gmt":"2025-02-19T12:04:54","guid":{"rendered":"https:\/\/www.procarbenin.org\/?p=2751"},"modified":"2025-02-19T13:05:00","modified_gmt":"2025-02-19T12:05:00","slug":"extension-du-padaam","status":"publish","type":"post","link":"https:\/\/procarbenin.org\/?p=2751","title":{"rendered":"Extension du PADAAM"},"content":{"rendered":"\n<p>Le Projet d\u2019Appui au D\u00e9veloppement Agricole et \u00e0 l\u2019Acc\u00e8s au March\u00e9 (PADAAM), cofinanc\u00e9 par le Gouvernement du B\u00e9nin, le Fonds International de D\u00e9veloppement Agricole (FIDA) et le Fonds OPEP est mis en vigueur en avril 2019 pour une dur\u00e9e de six (06) ans.<\/p>\n\n\n\n<p>D\u2019un co\u00fbt global de 105,7 millions de dollars US, son objectif de d\u00e9veloppement est d\u2019am\u00e9liorer durablement la s\u00e9curit\u00e9 alimentaire et nutritionnelle, les revenus des petits producteurs, en particulier les femmes et les jeunes.<\/p>\n\n\n\n<p><a>D\u00e9marr\u00e9 dans un contexte particuli\u00e8rement difficile, le PADAAM a connu la pand\u00e9mie de la COVID-19, les restrictions budg\u00e9taires sur les fonds FIDA, la guerre russo-ukrainienne (difficult\u00e9 d\u2019acc\u00e8s aux intrants et flamb\u00e9e des prix), la fermeture des fronti\u00e8res par le Nig\u00e9ria et r\u00e9cemment avec le Niger. Ces \u00e9v\u00e9nements ont contribu\u00e9 \u00e0 ralentir la mont\u00e9e en puissance du projet.<\/a><\/p>\n\n\n\n<p>A cette situation, s\u2019ajoute, <a>les processus de passation des march\u00e9s<\/a>, le recrutement tardif des acteurs-cl\u00e9s en charge de certains volets cl\u00e9s du projet.<\/p>\n\n\n\n<p>Malgr\u00e9 ce contexte difficile, le projet a enregistr\u00e9 des r\u00e9sultats tr\u00e8s encourageants en termes de structuration des acteurs, de d\u00e9veloppement des partenariats productifs inclusifs et d\u2019acc\u00e8s des producteurs aux intrants agricoles et au march\u00e9.<\/p>\n\n\n\n<p>Afin de permettre au projet d\u2019achever les activit\u00e9s \u00e0 forts impacts pour r\u00e9pondre aux attentes des b\u00e9n\u00e9ficiaires, <a>d\u2019assurer la mise en <\/a><a>exploitation, la consolidation et <\/a>la durabilit\u00e9 des investissements r\u00e9alis\u00e9s, le PADAAM a b\u00e9n\u00e9fici\u00e9 d\u2019une p\u00e9riode d\u2019extension de deux (02) ann\u00e9es passant ainsi la p\u00e9riode de son ach\u00e8vement \u00e0 Juin 2027.<\/p>\n\n\n\n<p><strong>Olivier Serge AKPOVO, Chef Projet\/PADAAM<\/strong><\/p>\n","protected":false},"excerpt":{"rendered":"<p>Le Projet d\u2019Appui au D\u00e9veloppement Agricole et \u00e0 l\u2019Acc\u00e8s au March\u00e9 (PADAAM), cofinanc\u00e9 par le Gouvernement du B\u00e9nin, le Fonds International de D\u00e9veloppement Agricole (FIDA) et le Fonds OPEP est&hellip;<\/p>\n","protected":false},"author":10,"featured_media":0,"comment_status":"closed","ping_status":"closed","sticky":false,"template":"","format":"standard","meta":{"_monsterinsights_skip_tracking":false,"_monsterinsights_sitenote_active":false,"_monsterinsights_sitenote_note":"","_monsterinsights_sitenote_category":0,"iawp_total_views":279,"footnotes":""},"categories":[3,28],"tags":[],"class_list":["post-2751","post","type-post","status-publish","format-standard","hentry","category-categorie-slider-identifiant","category-slider"],"aioseo_notices":[],"_links":{"self":[{"href":"https:\/\/procarbenin.org\/index.php?rest_route=\/wp\/v2\/posts\/2751","targetHints":{"allow":["GET"]}}],"collection":[{"href":"https:\/\/procarbenin.org\/index.php?rest_route=\/wp\/v2\/posts"}],"about":[{"href":"https:\/\/procarbenin.org\/index.php?rest_route=\/wp\/v2\/types\/post"}],"author":[{"embeddable":true,"href":"https:\/\/procarbenin.org\/index.php?rest_route=\/wp\/v2\/users\/10"}],"replies":[{"embeddable":true,"href":"https:\/\/procarbenin.org\/index.php?rest_route=%2Fwp%2Fv2%2Fcomments&post=2751"}],"version-history":[{"count":1,"href":"https:\/\/procarbenin.org\/index.php?rest_route=\/wp\/v2\/posts\/2751\/revisions"}],"predecessor-version":[{"id":2752,"href":"https:\/\/procarbenin.org\/index.php?rest_route=\/wp\/v2\/posts\/2751\/revisions\/2752"}],"wp:attachment":[{"href":"https:\/\/procarbenin.org\/index.php?rest_route=%2Fwp%2Fv2%2Fmedia&parent=2751"}],"wp:term":[{"taxonomy":"category","embeddable":true,"href":"https:\/\/procarbenin.org\/index.php?rest_route=%2Fwp%2Fv2%2Fcategories&post=2751"},{"taxonomy":"post_tag","embeddable":true,"href":"https:\/\/procarbenin.org\/index.php?rest_route=%2Fwp%2Fv2%2Ftags&post=2751"}],"curies":[{"name":"wp","href":"https:\/\/api.w.org\/{rel}","templated":true}]}}