{"id":2743,"date":"2025-02-19T07:13:52","date_gmt":"2025-02-19T06:13:52","guid":{"rendered":"https:\/\/www.procarbenin.org\/?p=2743"},"modified":"2025-02-19T07:13:58","modified_gmt":"2025-02-19T06:13:58","slug":"proteger-les-agriculteurs-beninois-face-aux-defis-climatiques-des-solutions-innovantes","status":"publish","type":"post","link":"https:\/\/procarbenin.org\/?p=2743","title":{"rendered":"Prot\u00e9ger les agriculteurs b\u00e9ninois face aux d\u00e9fis climatiques : Des solutions innovantes."},"content":{"rendered":"\n<p><br>Les populations mondiales et celles des zones rurales en particulier sont touch\u00e9es par les effets des changements climatiques et la d\u00e9gradation des ressources naturelles. La s\u00e9cheresse et les inondations les mettent \u00e0 rude \u00e9preuve, entra\u00eenant des pertes de r\u00e9coltes qui ont des cons\u00e9quences \u00e9conomiques et menacent la s\u00e9curit\u00e9 alimentaire et nutritionnelle des populations locales. Dans un contexte de croissance d\u00e9mographique rapide, l\u2019imp\u00e9ratif d\u2019accro\u00eetre la production alimentaire tout en respectant l\u2019environnement devient encore plus pressant.<br>Pour att\u00e9nuer les effets n\u00e9fastes du changement climatique, le Programme Cadre des interventions du FIDA en milieu rural (<a href=\"https:\/\/www.linkedin.com\/search\/results\/all\/?keywords=%23procar&amp;origin=HASH_TAG_FROM_FEED\">hashtag#ProCaR<\/a>), \u00e0 travers les projets <a href=\"https:\/\/www.linkedin.com\/search\/results\/all\/?keywords=%23padmar&amp;origin=HASH_TAG_FROM_FEED\">hashtag#PADMAR<\/a>-E, <a href=\"https:\/\/www.linkedin.com\/search\/results\/all\/?keywords=%23padaam&amp;origin=HASH_TAG_FROM_FEED\">hashtag#PADAAM<\/a> et <a href=\"https:\/\/www.linkedin.com\/search\/results\/all\/?keywords=%23prima&amp;origin=HASH_TAG_FROM_FEED\">hashtag#PRIMA<\/a>, s\u2019engage activement \u00e0 accompagner les producteurs b\u00e9ninois \u00e0 un changement climatique plus r\u00e9siliente.Voici quelques-unes des solutions innovantes mises en place:<\/p>\n\n\n\n<ul class=\"wp-block-list\">\n<li> Production mara\u00eech\u00e8re sous serre :\u00a0Les serres offrent un environnement contr\u00f4l\u00e9 qui permet de cultiver des l\u00e9gumes et des fruits de mani\u00e8re plus efficace, en minimisant les risques li\u00e9s aux conditions climatiques extr\u00eames.<br><\/li>\n<\/ul>\n\n\n\n<figure class=\"wp-block-image size-large\"><img loading=\"lazy\" decoding=\"async\" width=\"1024\" height=\"682\" src=\"https:\/\/www.procarbenin.org\/wp-content\/uploads\/2025\/02\/1725967314807-1-1024x682.jpg\" alt=\"\" class=\"wp-image-2744\" srcset=\"https:\/\/procarbenin.org\/wp-content\/uploads\/2025\/02\/1725967314807-1-1024x682.jpg 1024w, https:\/\/procarbenin.org\/wp-content\/uploads\/2025\/02\/1725967314807-1-300x200.jpg 300w, https:\/\/procarbenin.org\/wp-content\/uploads\/2025\/02\/1725967314807-1-768x512.jpg 768w, https:\/\/procarbenin.org\/wp-content\/uploads\/2025\/02\/1725967314807-1.jpg 1280w\" sizes=\"auto, (max-width: 1024px) 100vw, 1024px\" \/><\/figure>\n\n\n\n<ul class=\"wp-block-list\">\n<li> Vari\u00e9t\u00e9s r\u00e9sistantes aux chocs climatiques :\u00a0Le d\u00e9veloppement et la promotion de vari\u00e9t\u00e9s de cultures adapt\u00e9es aux conditions locales et r\u00e9sistantes aux al\u00e9as climatiques sont essentiels. Ces vari\u00e9t\u00e9s permettent aux agriculteurs de maintenir des rendements stables malgr\u00e9 les perturbations m\u00e9t\u00e9orologiques.<\/li>\n\n\n\n<li> Pratiques agro-\u00e9cologiques :\u00a0L\u2019utilisation du biochar (charbon v\u00e9g\u00e9tal) et d\u2019autres engrais et biopesticides favorise des pratiques agricoles respectueuses de l\u2019environnement. Ces m\u00e9thodes pr\u00e9servent la fertilit\u00e9 des sols tout en minimisant l\u2019impact sur l\u2019\u00e9cosyst\u00e8me.<br>En combinant ces approches, le ProCaR contribue \u00e0 renforcer la r\u00e9silience des agriculteurs face aux d\u00e9fis climatiques. Il est essentiel que ces efforts se poursuivent pour assurer la s\u00e9curit\u00e9 alimentaire et le bien-\u00eatre des communaut\u00e9s rurales au B\u00e9nin.<\/li>\n<\/ul>\n\n\n\n<figure class=\"wp-block-image size-large\"><img loading=\"lazy\" decoding=\"async\" width=\"1024\" height=\"768\" src=\"https:\/\/www.procarbenin.org\/wp-content\/uploads\/2025\/02\/1725967314904-1-1024x768.jpg\" alt=\"\" class=\"wp-image-2745\" srcset=\"https:\/\/procarbenin.org\/wp-content\/uploads\/2025\/02\/1725967314904-1-1024x768.jpg 1024w, https:\/\/procarbenin.org\/wp-content\/uploads\/2025\/02\/1725967314904-1-300x225.jpg 300w, https:\/\/procarbenin.org\/wp-content\/uploads\/2025\/02\/1725967314904-1-768x576.jpg 768w, https:\/\/procarbenin.org\/wp-content\/uploads\/2025\/02\/1725967314904-1.jpg 1040w\" sizes=\"auto, (max-width: 1024px) 100vw, 1024px\" \/><\/figure>\n","protected":false},"excerpt":{"rendered":"<p>Les populations mondiales et celles des zones rurales en particulier sont touch\u00e9es par les effets des changements climatiques et la d\u00e9gradation des ressources naturelles. La s\u00e9cheresse et les inondations les&hellip;<\/p>\n","protected":false},"author":10,"featured_media":0,"comment_status":"closed","ping_status":"closed","sticky":false,"template":"","format":"standard","meta":{"_monsterinsights_skip_tracking":false,"_monsterinsights_sitenote_active":false,"_monsterinsights_sitenote_note":"","_monsterinsights_sitenote_category":0,"iawp_total_views":11,"footnotes":""},"categories":[3,28],"tags":[],"class_list":["post-2743","post","type-post","status-publish","format-standard","hentry","category-categorie-slider-identifiant","category-slider"],"aioseo_notices":[],"_links":{"self":[{"href":"https:\/\/procarbenin.org\/index.php?rest_route=\/wp\/v2\/posts\/2743","targetHints":{"allow":["GET"]}}],"collection":[{"href":"https:\/\/procarbenin.org\/index.php?rest_route=\/wp\/v2\/posts"}],"about":[{"href":"https:\/\/procarbenin.org\/index.php?rest_route=\/wp\/v2\/types\/post"}],"author":[{"embeddable":true,"href":"https:\/\/procarbenin.org\/index.php?rest_route=\/wp\/v2\/users\/10"}],"replies":[{"embeddable":true,"href":"https:\/\/procarbenin.org\/index.php?rest_route=%2Fwp%2Fv2%2Fcomments&post=2743"}],"version-history":[{"count":1,"href":"https:\/\/procarbenin.org\/index.php?rest_route=\/wp\/v2\/posts\/2743\/revisions"}],"predecessor-version":[{"id":2746,"href":"https:\/\/procarbenin.org\/index.php?rest_route=\/wp\/v2\/posts\/2743\/revisions\/2746"}],"wp:attachment":[{"href":"https:\/\/procarbenin.org\/index.php?rest_route=%2Fwp%2Fv2%2Fmedia&parent=2743"}],"wp:term":[{"taxonomy":"category","embeddable":true,"href":"https:\/\/procarbenin.org\/index.php?rest_route=%2Fwp%2Fv2%2Fcategories&post=2743"},{"taxonomy":"post_tag","embeddable":true,"href":"https:\/\/procarbenin.org\/index.php?rest_route=%2Fwp%2Fv2%2Ftags&post=2743"}],"curies":[{"name":"wp","href":"https:\/\/api.w.org\/{rel}","templated":true}]}}