{"id":2731,"date":"2025-02-19T05:55:53","date_gmt":"2025-02-19T04:55:53","guid":{"rendered":"https:\/\/www.procarbenin.org\/?p=2731"},"modified":"2025-02-19T05:55:58","modified_gmt":"2025-02-19T04:55:58","slug":"internalisation-du-ptba-2025","status":"publish","type":"post","link":"https:\/\/procarbenin.org\/?p=2731","title":{"rendered":"Internalisation du PTBA 2025"},"content":{"rendered":"\n<p>Le Programme Cadre des interventions du FIDA en milieu Rural <a href=\"https:\/\/www.linkedin.com\/search\/results\/all\/?keywords=%23procar&amp;origin=HASH_TAG_FROM_FEED\">hashtag#ProCaR<\/a> tient depuis ce matin \u00e0 Mill\u00e9nium Popo Beach un atelier d&rsquo;internalisation des PTBA de l\u2019ann\u00e9e en cours 2025.<br>Objectif de l&rsquo;atelier : Amener\u00a0chaque membre de l&rsquo;\u00e9quipe de chaque projet \u00e0 s&rsquo;approprier de la strat\u00e9gie op\u00e9rationnelle \u00e0 adopter pour l&rsquo;obtention des r\u00e9sultats et contribuer efficacement \u00e0 l&rsquo;atteinte des objectifs des projets.<br>Rappelons que le portefeuille du <a href=\"https:\/\/www.linkedin.com\/search\/results\/all\/?keywords=%23fida&amp;origin=HASH_TAG_FROM_FEED\">hashtag#FIDA<\/a> compte \u00e0 son actif aujourd&rsquo;hui au B\u00e9nin trois projets ;<br>&#8211; Le Projet d\u2019Appui au D\u00e9veloppement Agricole et l\u2019Acc\u00e8s au March\u00e9 <a href=\"https:\/\/www.linkedin.com\/search\/results\/all\/?keywords=%23padaam&amp;origin=HASH_TAG_FROM_FEED\">hashtag#PADAAM<\/a> qui cl\u00f4ture en 2027,<br>&#8211; Le Projet d\u2019Appui au D\u00e9veloppement du Maraichage <a href=\"https:\/\/www.linkedin.com\/search\/results\/all\/?keywords=%23padmar&amp;origin=HASH_TAG_FROM_FEED\">hashtag#PADMAR<\/a> puis<br>&#8211; Le\u00a0Programme R\u00e9gional d\u2019Int\u00e9gration des March\u00e9s Agricoles <a href=\"https:\/\/www.linkedin.com\/search\/results\/all\/?keywords=%23prima&amp;origin=HASH_TAG_FROM_FEED\">hashtag#PRIMA<\/a>.<br>L&rsquo;\u00e9dition d&rsquo;internalisation des PTBA de cette ann\u00e9e a connu la participation de la Coordonnatrice du syst\u00e8me des <a href=\"https:\/\/www.linkedin.com\/search\/results\/all\/?keywords=%23nationsunies&amp;origin=HASH_TAG_FROM_FEED\">hashtag#NationsUnies<\/a> madame Aminatou Sar. Les travaux sont pr\u00e9vus pour durer quatre jours.<\/p>\n\n\n\n<figure class=\"wp-block-image size-large is-resized\"><img loading=\"lazy\" decoding=\"async\" width=\"1024\" height=\"768\" src=\"https:\/\/www.procarbenin.org\/wp-content\/uploads\/2025\/02\/451fcce2-ab36-42e1-9ef8-a65691e9ad7f-1024x768.jpg\" alt=\"\" class=\"wp-image-2733\" style=\"width:583px;height:auto\" srcset=\"https:\/\/procarbenin.org\/wp-content\/uploads\/2025\/02\/451fcce2-ab36-42e1-9ef8-a65691e9ad7f-1024x768.jpg 1024w, https:\/\/procarbenin.org\/wp-content\/uploads\/2025\/02\/451fcce2-ab36-42e1-9ef8-a65691e9ad7f-300x225.jpg 300w, https:\/\/procarbenin.org\/wp-content\/uploads\/2025\/02\/451fcce2-ab36-42e1-9ef8-a65691e9ad7f-768x576.jpg 768w, https:\/\/procarbenin.org\/wp-content\/uploads\/2025\/02\/451fcce2-ab36-42e1-9ef8-a65691e9ad7f-1536x1152.jpg 1536w, https:\/\/procarbenin.org\/wp-content\/uploads\/2025\/02\/451fcce2-ab36-42e1-9ef8-a65691e9ad7f-2048x1536.jpg 2048w\" sizes=\"auto, (max-width: 1024px) 100vw, 1024px\" \/><\/figure>\n\n\n\n<figure class=\"wp-block-image size-large\"><img loading=\"lazy\" decoding=\"async\" width=\"1024\" height=\"768\" src=\"https:\/\/www.procarbenin.org\/wp-content\/uploads\/2025\/02\/b78e3e69-df04-424d-a169-68db335d689f-1024x768.jpg\" alt=\"\" class=\"wp-image-2732\" srcset=\"https:\/\/procarbenin.org\/wp-content\/uploads\/2025\/02\/b78e3e69-df04-424d-a169-68db335d689f-1024x768.jpg 1024w, https:\/\/procarbenin.org\/wp-content\/uploads\/2025\/02\/b78e3e69-df04-424d-a169-68db335d689f-300x225.jpg 300w, https:\/\/procarbenin.org\/wp-content\/uploads\/2025\/02\/b78e3e69-df04-424d-a169-68db335d689f-768x576.jpg 768w, https:\/\/procarbenin.org\/wp-content\/uploads\/2025\/02\/b78e3e69-df04-424d-a169-68db335d689f-1536x1152.jpg 1536w, https:\/\/procarbenin.org\/wp-content\/uploads\/2025\/02\/b78e3e69-df04-424d-a169-68db335d689f-2048x1536.jpg 2048w\" sizes=\"auto, (max-width: 1024px) 100vw, 1024px\" \/><\/figure>\n\n\n\n\n\n<p><\/p>\n","protected":false},"excerpt":{"rendered":"<p>Le Programme Cadre des interventions du FIDA en milieu Rural hashtag#ProCaR tient depuis ce matin \u00e0 Mill\u00e9nium Popo Beach un atelier d&rsquo;internalisation des PTBA de l\u2019ann\u00e9e en cours 2025.Objectif de&hellip;<\/p>\n","protected":false},"author":10,"featured_media":0,"comment_status":"closed","ping_status":"closed","sticky":false,"template":"","format":"standard","meta":{"_monsterinsights_skip_tracking":false,"_monsterinsights_sitenote_active":false,"_monsterinsights_sitenote_note":"","_monsterinsights_sitenote_category":0,"iawp_total_views":11,"footnotes":""},"categories":[3,28],"tags":[],"class_list":["post-2731","post","type-post","status-publish","format-standard","hentry","category-categorie-slider-identifiant","category-slider"],"aioseo_notices":[],"_links":{"self":[{"href":"https:\/\/procarbenin.org\/index.php?rest_route=\/wp\/v2\/posts\/2731","targetHints":{"allow":["GET"]}}],"collection":[{"href":"https:\/\/procarbenin.org\/index.php?rest_route=\/wp\/v2\/posts"}],"about":[{"href":"https:\/\/procarbenin.org\/index.php?rest_route=\/wp\/v2\/types\/post"}],"author":[{"embeddable":true,"href":"https:\/\/procarbenin.org\/index.php?rest_route=\/wp\/v2\/users\/10"}],"replies":[{"embeddable":true,"href":"https:\/\/procarbenin.org\/index.php?rest_route=%2Fwp%2Fv2%2Fcomments&post=2731"}],"version-history":[{"count":1,"href":"https:\/\/procarbenin.org\/index.php?rest_route=\/wp\/v2\/posts\/2731\/revisions"}],"predecessor-version":[{"id":2734,"href":"https:\/\/procarbenin.org\/index.php?rest_route=\/wp\/v2\/posts\/2731\/revisions\/2734"}],"wp:attachment":[{"href":"https:\/\/procarbenin.org\/index.php?rest_route=%2Fwp%2Fv2%2Fmedia&parent=2731"}],"wp:term":[{"taxonomy":"category","embeddable":true,"href":"https:\/\/procarbenin.org\/index.php?rest_route=%2Fwp%2Fv2%2Fcategories&post=2731"},{"taxonomy":"post_tag","embeddable":true,"href":"https:\/\/procarbenin.org\/index.php?rest_route=%2Fwp%2Fv2%2Ftags&post=2731"}],"curies":[{"name":"wp","href":"https:\/\/api.w.org\/{rel}","templated":true}]}}