{"id":2696,"date":"2025-01-30T11:05:56","date_gmt":"2025-01-30T10:05:56","guid":{"rendered":"https:\/\/www.procarbenin.org\/?p=2696"},"modified":"2025-01-30T11:14:45","modified_gmt":"2025-01-30T10:14:45","slug":"mission-de-supervision","status":"publish","type":"post","link":"https:\/\/procarbenin.org\/?p=2696","title":{"rendered":"MISSION DE SUPERVISION"},"content":{"rendered":"\n<p class=\"has-black-color has-pale-cyan-blue-background-color has-text-color has-background has-link-color has-small-font-size wp-elements-d58f3990c882690d130235d05595ecf6\"><strong><em>En Novembre 2025 s&rsquo;est tenu une mission conjointe B\u00e9nin FIDA de supervision du PRIMA. L&rsquo;objectif de cette mission est d&rsquo;\u00e9valuer les acquis du projet et donner des orientations pour am\u00e9liorer sa performance <\/em><\/strong><\/p>\n\n\n\n<p>La d\u00e9l\u00e9gation du FIDA avec en sa t\u00eate Jean Pascal KABORE, \u00e0 s\u00e9journ\u00e9 dans les locaux du ProCaR pour la mission du supervision du PRIMA;<\/p>\n\n\n\n<div class=\"wp-block-buttons is-layout-flex wp-block-buttons-is-layout-flex\">\n<div class=\"wp-block-button\"><a class=\"wp-block-button__link wp-element-button\" href=\"https:\/\/www.procarbenin.org\/wp-content\/uploads\/2019\/10\/logo.png\">T\u00e9l\u00e9chargez ici, <\/a><\/div>\n<\/div>\n\n\n\n<p><\/p>\n","protected":false},"excerpt":{"rendered":"<p>En Novembre 2025 s&rsquo;est tenu une mission conjointe B\u00e9nin FIDA de supervision du PRIMA. L&rsquo;objectif de cette mission est d&rsquo;\u00e9valuer les acquis du projet et donner des orientations pour am\u00e9liorer&hellip;<\/p>\n","protected":false},"author":10,"featured_media":2670,"comment_status":"closed","ping_status":"closed","sticky":false,"template":"","format":"standard","meta":{"_monsterinsights_skip_tracking":false,"_monsterinsights_sitenote_active":false,"_monsterinsights_sitenote_note":"","_monsterinsights_sitenote_category":0,"iawp_total_views":6,"footnotes":""},"categories":[15],"tags":[],"class_list":["post-2696","post","type-post","status-publish","format-standard","has-post-thumbnail","hentry","category-informations"],"aioseo_notices":[],"_links":{"self":[{"href":"https:\/\/procarbenin.org\/index.php?rest_route=\/wp\/v2\/posts\/2696","targetHints":{"allow":["GET"]}}],"collection":[{"href":"https:\/\/procarbenin.org\/index.php?rest_route=\/wp\/v2\/posts"}],"about":[{"href":"https:\/\/procarbenin.org\/index.php?rest_route=\/wp\/v2\/types\/post"}],"author":[{"embeddable":true,"href":"https:\/\/procarbenin.org\/index.php?rest_route=\/wp\/v2\/users\/10"}],"replies":[{"embeddable":true,"href":"https:\/\/procarbenin.org\/index.php?rest_route=%2Fwp%2Fv2%2Fcomments&post=2696"}],"version-history":[{"count":1,"href":"https:\/\/procarbenin.org\/index.php?rest_route=\/wp\/v2\/posts\/2696\/revisions"}],"predecessor-version":[{"id":2697,"href":"https:\/\/procarbenin.org\/index.php?rest_route=\/wp\/v2\/posts\/2696\/revisions\/2697"}],"wp:featuredmedia":[{"embeddable":true,"href":"https:\/\/procarbenin.org\/index.php?rest_route=\/wp\/v2\/media\/2670"}],"wp:attachment":[{"href":"https:\/\/procarbenin.org\/index.php?rest_route=%2Fwp%2Fv2%2Fmedia&parent=2696"}],"wp:term":[{"taxonomy":"category","embeddable":true,"href":"https:\/\/procarbenin.org\/index.php?rest_route=%2Fwp%2Fv2%2Fcategories&post=2696"},{"taxonomy":"post_tag","embeddable":true,"href":"https:\/\/procarbenin.org\/index.php?rest_route=%2Fwp%2Fv2%2Ftags&post=2696"}],"curies":[{"name":"wp","href":"https:\/\/api.w.org\/{rel}","templated":true}]}}