{"id":2168,"date":"2021-07-01T14:03:32","date_gmt":"2021-07-01T13:03:32","guid":{"rendered":"https:\/\/www.procarbenin.org\/?p=2168"},"modified":"2021-12-17T22:15:10","modified_gmt":"2021-12-17T21:15:10","slug":"promotion-des-innovations-post-recolte-de-conservation-des-produits-maraichers","status":"publish","type":"post","link":"https:\/\/procarbenin.org\/?p=2168","title":{"rendered":"Technologies post r\u00e9colte de conservation des produits maraichers: Le PADMAR et WorldVeg renforcent les capacit\u00e9s des maraichers b\u00e9ninois sur le ZECC"},"content":{"rendered":"\n<p>Ces s\u00e9ances de formation ont connu la participation 140 acteurs (producteurs, commer\u00e7ants et artisanats locaux ma\u00e7ons) dont 56 femmes et 70 jeunes venus des 27 communes de la zone d\u2019intervention du PADMAR. Ces s\u00e9ances de formation 100% pratique, qui ont connu la pr\u00e9sence de l\u2019\u00e9quipe PADMAR, des repr\u00e9sentants de la F\u00e9NOMa et des repr\u00e9sentants des ATDA, ont \u00e9t\u00e9 100% pratique et ont permis aux participants de suivre et de mettre la main \u00e0 la p\u00e2te en ce qui concerne le montage du ZECC.<\/p>\n\n\n\n<p>Le Zero Energy Cool Chamber (ZECC en anglais), en fran\u00e7ais, Chambre refroidissante \u00e0 z\u00e9ro \u00e9nergie, est une technologie d\u00e9velopp\u00e9e et impl\u00e9ment\u00e9e par WorldVdeg en Asie et en Afrique de l\u2019Est. Il est fait en briques de terre stabilis\u00e9es et du sable fin et permet d\u2019augmenter la p\u00e9riode de conservation des produits maraichers frais sans \u00e9nergie avant leur mise sur le march\u00e9.<\/p>\n\n\n\n<p>08 ZECC pilotes de taille 2,15 m de long et 1,5 m de large pour une contenance de 120 kg ont ainsi \u00e9t\u00e9 mont\u00e9s ensemble avec les b\u00e9n\u00e9ficiaires PADMAR, dans les localit\u00e9s pr\u00e9cit\u00e9es.<\/p>\n\n\n\n<p>Cette technologie fera l\u2019objet de suivi r\u00e9gulier par WorldVeg afin de recueillir des donn\u00e9es scientifiques qui permettront d\u2019\u00e9laborer une fiche technique ZECC sur laquelle le PADMAR pourrait se baser pour la diffusion de ces outils.<\/p>\n\n\n\n<p>Pour les acteurs, c\u2019est une bonne opportunit\u00e9 de conservation des l\u00e9gumes ce qui va leurs permettre de faire face aux pertes post r\u00e9colte enregistr\u00e9es en cas de m\u00e9vente sur le march\u00e9. Ils se d\u00e9clarent impatiemment de connaitre les r\u00e9sultats de ces tests afin de r\u00e9pliquer ce qui a \u00e9t\u00e9 appris sur leur diff\u00e9rent site.<\/p>\n\n\n\n<figure class=\"wp-block-gallery columns-3 is-cropped wp-block-gallery-1 is-layout-flex wp-block-gallery-is-layout-flex\"><ul class=\"blocks-gallery-grid\"><li class=\"blocks-gallery-item\"><figure><img loading=\"lazy\" decoding=\"async\" width=\"605\" height=\"382\" src=\"https:\/\/www.procarbenin.org\/wp-content\/uploads\/2021\/07\/ZECC-1.jpeg\" alt=\"\" data-id=\"2174\" data-full-url=\"https:\/\/www.procarbenin.org\/wp-content\/uploads\/2021\/07\/ZECC-1.jpeg\" data-link=\"https:\/\/www.procarbenin.org\/?attachment_id=2174\" class=\"wp-image-2174\" srcset=\"https:\/\/procarbenin.org\/wp-content\/uploads\/2021\/07\/ZECC-1.jpeg 605w, https:\/\/procarbenin.org\/wp-content\/uploads\/2021\/07\/ZECC-1-300x189.jpeg 300w\" sizes=\"auto, (max-width: 605px) 100vw, 605px\" \/><\/figure><\/li><li class=\"blocks-gallery-item\"><figure><img loading=\"lazy\" decoding=\"async\" width=\"911\" height=\"547\" src=\"https:\/\/www.procarbenin.org\/wp-content\/uploads\/2021\/07\/ZECC-2.jpeg\" alt=\"\" data-id=\"2196\" data-full-url=\"https:\/\/www.procarbenin.org\/wp-content\/uploads\/2021\/07\/ZECC-2.jpeg\" data-link=\"https:\/\/www.procarbenin.org\/?attachment_id=2196\" class=\"wp-image-2196\" srcset=\"https:\/\/procarbenin.org\/wp-content\/uploads\/2021\/07\/ZECC-2.jpeg 911w, https:\/\/procarbenin.org\/wp-content\/uploads\/2021\/07\/ZECC-2-300x180.jpeg 300w, https:\/\/procarbenin.org\/wp-content\/uploads\/2021\/07\/ZECC-2-768x461.jpeg 768w, https:\/\/procarbenin.org\/wp-content\/uploads\/2021\/07\/ZECC-2-600x360.jpeg 600w\" sizes=\"auto, (max-width: 911px) 100vw, 911px\" \/><\/figure><\/li><li class=\"blocks-gallery-item\"><figure><img loading=\"lazy\" decoding=\"async\" width=\"1024\" height=\"613\" src=\"https:\/\/www.procarbenin.org\/wp-content\/uploads\/2021\/07\/ZECC-3-1024x613.jpeg\" alt=\"\" data-id=\"2195\" data-full-url=\"https:\/\/www.procarbenin.org\/wp-content\/uploads\/2021\/07\/ZECC-3.jpeg\" data-link=\"https:\/\/www.procarbenin.org\/?attachment_id=2195\" class=\"wp-image-2195\" srcset=\"https:\/\/procarbenin.org\/wp-content\/uploads\/2021\/07\/ZECC-3-1024x613.jpeg 1024w, https:\/\/procarbenin.org\/wp-content\/uploads\/2021\/07\/ZECC-3-300x179.jpeg 300w, https:\/\/procarbenin.org\/wp-content\/uploads\/2021\/07\/ZECC-3-768x459.jpeg 768w, https:\/\/procarbenin.org\/wp-content\/uploads\/2021\/07\/ZECC-3-331x197.jpeg 331w, https:\/\/procarbenin.org\/wp-content\/uploads\/2021\/07\/ZECC-3-600x360.jpeg 600w, https:\/\/procarbenin.org\/wp-content\/uploads\/2021\/07\/ZECC-3.jpeg 1080w\" sizes=\"auto, (max-width: 1024px) 100vw, 1024px\" \/><\/figure><\/li><\/ul><\/figure>\n","protected":false},"excerpt":{"rendered":"<p>Ces s\u00e9ances de formation ont connu la participation 140 acteurs (producteurs, commer\u00e7ants et artisanats locaux ma\u00e7ons) dont 56 femmes et 70 jeunes venus des 27 communes de la zone d\u2019intervention&hellip;<\/p>\n","protected":false},"author":10,"featured_media":0,"comment_status":"closed","ping_status":"closed","sticky":false,"template":"","format":"standard","meta":{"_monsterinsights_skip_tracking":false,"_monsterinsights_sitenote_active":false,"_monsterinsights_sitenote_note":"","_monsterinsights_sitenote_category":0,"iawp_total_views":12,"footnotes":""},"categories":[15,1,9],"tags":[],"class_list":["post-2168","post","type-post","status-publish","format-standard","hentry","category-informations","category-non-classe","category-nos-actualites"],"aioseo_notices":[],"_links":{"self":[{"href":"https:\/\/procarbenin.org\/index.php?rest_route=\/wp\/v2\/posts\/2168","targetHints":{"allow":["GET"]}}],"collection":[{"href":"https:\/\/procarbenin.org\/index.php?rest_route=\/wp\/v2\/posts"}],"about":[{"href":"https:\/\/procarbenin.org\/index.php?rest_route=\/wp\/v2\/types\/post"}],"author":[{"embeddable":true,"href":"https:\/\/procarbenin.org\/index.php?rest_route=\/wp\/v2\/users\/10"}],"replies":[{"embeddable":true,"href":"https:\/\/procarbenin.org\/index.php?rest_route=%2Fwp%2Fv2%2Fcomments&post=2168"}],"version-history":[{"count":3,"href":"https:\/\/procarbenin.org\/index.php?rest_route=\/wp\/v2\/posts\/2168\/revisions"}],"predecessor-version":[{"id":2214,"href":"https:\/\/procarbenin.org\/index.php?rest_route=\/wp\/v2\/posts\/2168\/revisions\/2214"}],"wp:attachment":[{"href":"https:\/\/procarbenin.org\/index.php?rest_route=%2Fwp%2Fv2%2Fmedia&parent=2168"}],"wp:term":[{"taxonomy":"category","embeddable":true,"href":"https:\/\/procarbenin.org\/index.php?rest_route=%2Fwp%2Fv2%2Fcategories&post=2168"},{"taxonomy":"post_tag","embeddable":true,"href":"https:\/\/procarbenin.org\/index.php?rest_route=%2Fwp%2Fv2%2Ftags&post=2168"}],"curies":[{"name":"wp","href":"https:\/\/api.w.org\/{rel}","templated":true}]}}