{"id":2167,"date":"2021-07-01T12:06:52","date_gmt":"2021-07-01T11:06:52","guid":{"rendered":"https:\/\/www.procarbenin.org\/?p=2167"},"modified":"2022-11-24T09:23:35","modified_gmt":"2022-11-24T08:23:35","slug":"zoom-sur-le-partenariat-radios-communautaires-procar-padaam","status":"publish","type":"post","link":"https:\/\/procarbenin.org\/?p=2167","title":{"rendered":"Zoom sur le partenariat radios communautaires ProCaR\/PADAAM"},"content":{"rendered":"\n<div class=\"wp-block-media-text alignwide is-stacked-on-mobile\" style=\"grid-template-columns:36% auto\"><figure class=\"wp-block-media-text__media\"><img decoding=\"async\" src=\"https:\/\/www.procarbenin.org\/wp-content\/uploads\/2021\/07\/remise-de-gadget-aux-radios.jpg\" alt=\"\" class=\"wp-image-2161 size-full\"\/><\/figure><div class=\"wp-block-media-text__content\">\n<p class=\"has-normal-font-size\">Le PADAAM pour atteindre ses cibles notamment les producteurs, transformateurs et commer\u00e7ants du ma\u00efs, du riz et du manioc a sign\u00e9 un contrat cadre avec les cinq radios communautaires du d\u00e9partement des Collines. Il s&rsquo;agit de la Radio Locale de Ouess\u00e8, Idadu FM de Sav\u00e8, Collines FM de Glazou\u00e9, Radio communautaire de Tchetti et radio Il\u00e8ma Dassa Zoum\u00e9. Ces cha\u00eenes sonores de proximit\u00e9 ont pour mission de couvrir les grandes activit\u00e9s du PADAAM et de produire des \u00e9missions \u00e0 th\u00e8mes en langues locales pour diffusion en direction des auditeurs et cibles du projet.<\/p>\n<\/div><\/div>\n\n\n\n<p><\/p>\n","protected":false},"excerpt":{"rendered":"<p>Le PADAAM pour atteindre ses cibles notamment les producteurs, transformateurs et commer\u00e7ants du ma\u00efs, du riz et du manioc a sign\u00e9 un contrat cadre avec les cinq radios communautaires du&hellip;<\/p>\n","protected":false},"author":2,"featured_media":0,"comment_status":"closed","ping_status":"closed","sticky":false,"template":"","format":"standard","meta":{"_monsterinsights_skip_tracking":false,"_monsterinsights_sitenote_active":false,"_monsterinsights_sitenote_note":"","_monsterinsights_sitenote_category":0,"iawp_total_views":10,"footnotes":""},"categories":[15],"tags":[],"class_list":["post-2167","post","type-post","status-publish","format-standard","hentry","category-informations"],"aioseo_notices":[],"_links":{"self":[{"href":"https:\/\/procarbenin.org\/index.php?rest_route=\/wp\/v2\/posts\/2167","targetHints":{"allow":["GET"]}}],"collection":[{"href":"https:\/\/procarbenin.org\/index.php?rest_route=\/wp\/v2\/posts"}],"about":[{"href":"https:\/\/procarbenin.org\/index.php?rest_route=\/wp\/v2\/types\/post"}],"author":[{"embeddable":true,"href":"https:\/\/procarbenin.org\/index.php?rest_route=\/wp\/v2\/users\/2"}],"replies":[{"embeddable":true,"href":"https:\/\/procarbenin.org\/index.php?rest_route=%2Fwp%2Fv2%2Fcomments&post=2167"}],"version-history":[{"count":1,"href":"https:\/\/procarbenin.org\/index.php?rest_route=\/wp\/v2\/posts\/2167\/revisions"}],"predecessor-version":[{"id":2169,"href":"https:\/\/procarbenin.org\/index.php?rest_route=\/wp\/v2\/posts\/2167\/revisions\/2169"}],"wp:attachment":[{"href":"https:\/\/procarbenin.org\/index.php?rest_route=%2Fwp%2Fv2%2Fmedia&parent=2167"}],"wp:term":[{"taxonomy":"category","embeddable":true,"href":"https:\/\/procarbenin.org\/index.php?rest_route=%2Fwp%2Fv2%2Fcategories&post=2167"},{"taxonomy":"post_tag","embeddable":true,"href":"https:\/\/procarbenin.org\/index.php?rest_route=%2Fwp%2Fv2%2Ftags&post=2167"}],"curies":[{"name":"wp","href":"https:\/\/api.w.org\/{rel}","templated":true}]}}