{"id":2165,"date":"2021-07-01T11:36:43","date_gmt":"2021-07-01T10:36:43","guid":{"rendered":"https:\/\/www.procarbenin.org\/?p=2165"},"modified":"2022-11-23T11:29:46","modified_gmt":"2022-11-23T10:29:46","slug":"formation-de-la-cellule-de-communication-en-animation-du-site-web","status":"publish","type":"post","link":"https:\/\/procarbenin.org\/?p=2165","title":{"rendered":"Lancement officiel des activit\u00e9s du Programme R\u00e9gional d\u2019Int\u00e9gration des March\u00e9s Agricoles (PRIMA), le 9 d\u00e9cembre 2022 \u00e0 l&rsquo;h\u00f4tel \u00ab\u00a0La princesse\u00a0\u00bb \u00e0 Bohicon"},"content":{"rendered":"","protected":false},"excerpt":{"rendered":"","protected":false},"author":2,"featured_media":0,"comment_status":"closed","ping_status":"closed","sticky":false,"template":"","format":"standard","meta":{"_monsterinsights_skip_tracking":false,"_monsterinsights_sitenote_active":false,"_monsterinsights_sitenote_note":"","_monsterinsights_sitenote_category":0,"iawp_total_views":7,"footnotes":""},"categories":[4,15],"tags":[],"class_list":["post-2165","post","type-post","status-publish","format-standard","hentry","category-categorie-news-slider-identifiant","category-informations"],"aioseo_notices":[],"_links":{"self":[{"href":"https:\/\/procarbenin.org\/index.php?rest_route=\/wp\/v2\/posts\/2165","targetHints":{"allow":["GET"]}}],"collection":[{"href":"https:\/\/procarbenin.org\/index.php?rest_route=\/wp\/v2\/posts"}],"about":[{"href":"https:\/\/procarbenin.org\/index.php?rest_route=\/wp\/v2\/types\/post"}],"author":[{"embeddable":true,"href":"https:\/\/procarbenin.org\/index.php?rest_route=\/wp\/v2\/users\/2"}],"replies":[{"embeddable":true,"href":"https:\/\/procarbenin.org\/index.php?rest_route=%2Fwp%2Fv2%2Fcomments&post=2165"}],"version-history":[{"count":1,"href":"https:\/\/procarbenin.org\/index.php?rest_route=\/wp\/v2\/posts\/2165\/revisions"}],"predecessor-version":[{"id":2166,"href":"https:\/\/procarbenin.org\/index.php?rest_route=\/wp\/v2\/posts\/2165\/revisions\/2166"}],"wp:attachment":[{"href":"https:\/\/procarbenin.org\/index.php?rest_route=%2Fwp%2Fv2%2Fmedia&parent=2165"}],"wp:term":[{"taxonomy":"category","embeddable":true,"href":"https:\/\/procarbenin.org\/index.php?rest_route=%2Fwp%2Fv2%2Fcategories&post=2165"},{"taxonomy":"post_tag","embeddable":true,"href":"https:\/\/procarbenin.org\/index.php?rest_route=%2Fwp%2Fv2%2Ftags&post=2165"}],"curies":[{"name":"wp","href":"https:\/\/api.w.org\/{rel}","templated":true}]}}