{"id":1632,"date":"2020-02-04T13:10:04","date_gmt":"2020-02-04T12:10:04","guid":{"rendered":"http:\/\/www.procarbenin.org\/?p=1632"},"modified":"2020-02-04T13:10:06","modified_gmt":"2020-02-04T12:10:06","slug":"document-de-conception-du-padaam","status":"publish","type":"post","link":"https:\/\/procarbenin.org\/?p=1632","title":{"rendered":"Document de Conception du PADAAM"},"content":{"rendered":"\n<div class=\"wp-block-media-text alignwide\"><figure class=\"wp-block-media-text__media\"><img loading=\"lazy\" decoding=\"async\" width=\"382\" height=\"539\" src=\"http:\/\/www.procarbenin.org\/wp-content\/uploads\/2020\/02\/Image_DCP_PADAAM.jpg\" alt=\"\" class=\"wp-image-1631\" srcset=\"https:\/\/procarbenin.org\/wp-content\/uploads\/2020\/02\/Image_DCP_PADAAM.jpg 382w, https:\/\/procarbenin.org\/wp-content\/uploads\/2020\/02\/Image_DCP_PADAAM-213x300.jpg 213w\" sizes=\"auto, (max-width: 382px) 100vw, 382px\" \/><\/figure><div class=\"wp-block-media-text__content\">\n<p>Entr\u00e9 en vigueur depuis le 29\/04\/2019, le PADAAM constitue le troisi\u00e8me projet actif du ProCaR et intervient sur les fili\u00e8res riz, ma\u00efs et manioc dans quatre (04) P\u00f4les de D\u00e9veloppement Agricole (PDA) propices \u00e0 la production et au d\u00e9veloppement de partenariats \u00e9conomiques : le Sud du p\u00f4le 4 couvrant le D\u00e9partement des Collines ; le p\u00f4le 5 rassemblant les D\u00e9partements du Zou et du Couffo ; le p\u00f4le 6 circonscrit au D\u00e9partement du Plateau et le p\u00f4le 7 s\u2019\u00e9tendant \u00e0 l\u2019Ou\u00e9m\u00e9, l\u2019Atlantique et le Mono. <\/p>\n<\/div><\/div>\n\n\n\n<div class=\"wp-block-button\"><a class=\"wp-block-button__link\" href=\"http:\/\/www.procarbenin.org\/wp-content\/uploads\/2020\/02\/2_PADAAM-DCP-FINAL.pdf\">T\u00e9l\u00e9charger<\/a><\/div>\n","protected":false},"excerpt":{"rendered":"<p>Entr\u00e9 en vigueur depuis le 29\/04\/2019, le PADAAM constitue le troisi\u00e8me projet actif du ProCaR et intervient sur les fili\u00e8res riz, ma\u00efs et manioc dans quatre (04) P\u00f4les de D\u00e9veloppement&hellip;<\/p>\n","protected":false},"author":7,"featured_media":0,"comment_status":"closed","ping_status":"closed","sticky":false,"template":"","format":"standard","meta":{"_monsterinsights_skip_tracking":false,"_monsterinsights_sitenote_active":false,"_monsterinsights_sitenote_note":"","_monsterinsights_sitenote_category":0,"iawp_total_views":26,"footnotes":""},"categories":[1],"tags":[],"class_list":["post-1632","post","type-post","status-publish","format-standard","hentry","category-non-classe"],"aioseo_notices":[],"_links":{"self":[{"href":"https:\/\/procarbenin.org\/index.php?rest_route=\/wp\/v2\/posts\/1632","targetHints":{"allow":["GET"]}}],"collection":[{"href":"https:\/\/procarbenin.org\/index.php?rest_route=\/wp\/v2\/posts"}],"about":[{"href":"https:\/\/procarbenin.org\/index.php?rest_route=\/wp\/v2\/types\/post"}],"author":[{"embeddable":true,"href":"https:\/\/procarbenin.org\/index.php?rest_route=\/wp\/v2\/users\/7"}],"replies":[{"embeddable":true,"href":"https:\/\/procarbenin.org\/index.php?rest_route=%2Fwp%2Fv2%2Fcomments&post=1632"}],"version-history":[{"count":1,"href":"https:\/\/procarbenin.org\/index.php?rest_route=\/wp\/v2\/posts\/1632\/revisions"}],"predecessor-version":[{"id":1637,"href":"https:\/\/procarbenin.org\/index.php?rest_route=\/wp\/v2\/posts\/1632\/revisions\/1637"}],"wp:attachment":[{"href":"https:\/\/procarbenin.org\/index.php?rest_route=%2Fwp%2Fv2%2Fmedia&parent=1632"}],"wp:term":[{"taxonomy":"category","embeddable":true,"href":"https:\/\/procarbenin.org\/index.php?rest_route=%2Fwp%2Fv2%2Fcategories&post=1632"},{"taxonomy":"post_tag","embeddable":true,"href":"https:\/\/procarbenin.org\/index.php?rest_route=%2Fwp%2Fv2%2Ftags&post=1632"}],"curies":[{"name":"wp","href":"https:\/\/api.w.org\/{rel}","templated":true}]}}