{"id":1113,"date":"2019-10-12T14:32:24","date_gmt":"2019-10-12T13:32:24","guid":{"rendered":"http:\/\/www.procarbenin.org\/?p=1113"},"modified":"2022-11-24T09:28:28","modified_gmt":"2022-11-24T08:28:28","slug":"lancement-technique-du-padaam","status":"publish","type":"post","link":"https:\/\/procarbenin.org\/?p=1113","title":{"rendered":"Lancement technique du PADAAM"},"content":{"rendered":"<p>Mis en vigueur depuis le 29 avril 2019, le PADAAM est l\u2019un des projets actifs du ProCaR financ\u00e9 par le Fonds International pour le D\u00e9veloppement Agricole en milieu rural (FIDA). Apr\u00e8s le recrutement et l\u2019installation de l\u2019\u00e9quipe technique de mise en \u0153uvre, le lancement technique du projet a lieu du lundi 16 au mercredi 18 septembre 2019 \u00e0 l\u2019h\u00f4tel Azala\u00ef de Cotonou. Trois jours durant, les participants compos\u00e9s des consultants internationaux, de l\u2019\u00e9quipe technique du PADAAM, des cadres transversaux du ProCaR et des cadres de la DPP MAEP ont \u00e9chang\u00e9 sur le contenu du projet dans les moindres d\u00e9tails. La m\u00e9thode de conduite des travaux a permis \u00e0 chaque sp\u00e9cialiste de pr\u00e9senter en pl\u00e9ni\u00e8re son cahier de charge et sa strat\u00e9gie pour atteinte de ses propres r\u00e9sultats. Le Chef de Projet monsieur Serges O. AKPOVO, le Coordonnateur du ProCaR\u00a0 Dr Ir Agronome Sikirou OLOULOTAN, le Point Focal FIDA au B\u00e9nin madame Abelle\u00a0 DOSSOU HOUESSOU ont tout au long des trois jours d\u2019atelier attirer l\u2019attention des cadres sur l\u2019obligation de travailler en \u00e9quipe avec comme principal outils la Gestion Ax\u00e9e sur les R\u00e9sultats. Le Directeur pays monsieur Pascal KABORE qui a fait le d\u00e9placement de Cotonou \u00e0 ce effet et qui a pris part \u00a0effectivement de bout en bout \u00e0 cet atelier a prodigu\u00e9 beaucoup de conseils aux participants au nombre desquels on peut retenir (i) faire une bonne planification des activit\u00e9s (ii) anticiper sur les d\u00e9lais de passation des march\u00e9s pour \u00e9viter des blocages inutiles et (iii) Entretenir une bonne communication avec madame le Point Focal FIDA\u00a0 sur les actions \u00e0 mener ensemble afin de faciliter l\u2019obtention des Avis de Non Objection.<\/p>\n<p><a href=\"http:\/\/www.procarbenin.org\/wp-content\/uploads\/2019\/10\/PADAAM-h\u00f4tel-Azalai.jpg\"><img loading=\"lazy\" decoding=\"async\" class=\"alignnone size-full wp-image-1085\" src=\"http:\/\/www.procarbenin.org\/wp-content\/uploads\/2019\/10\/PADAAM-h\u00f4tel-Azalai.jpg\" alt=\"\" width=\"1800\" height=\"700\" srcset=\"https:\/\/procarbenin.org\/wp-content\/uploads\/2019\/10\/PADAAM-h\u00f4tel-Azalai.jpg 1800w, https:\/\/procarbenin.org\/wp-content\/uploads\/2019\/10\/PADAAM-h\u00f4tel-Azalai-300x117.jpg 300w, https:\/\/procarbenin.org\/wp-content\/uploads\/2019\/10\/PADAAM-h\u00f4tel-Azalai-768x299.jpg 768w, https:\/\/procarbenin.org\/wp-content\/uploads\/2019\/10\/PADAAM-h\u00f4tel-Azalai-1024x398.jpg 1024w, https:\/\/procarbenin.org\/wp-content\/uploads\/2019\/10\/PADAAM-h\u00f4tel-Azalai-800x311.jpg 800w, https:\/\/procarbenin.org\/wp-content\/uploads\/2019\/10\/PADAAM-h\u00f4tel-Azalai-285x111.jpg 285w\" sizes=\"auto, (max-width: 1800px) 100vw, 1800px\" \/><\/a><\/p>\n<p>Rappelons \u00e0 toute fin utile que le PADAAM est pr\u00e9vu pour durer six ans et fera la promotion de quatre \u00a0fili\u00e8res agricoles notamment le manioc, le riz, le ma\u00efs et le soja dans huit d\u00e9partements du B\u00e9nin \u00e0 savoirs l\u2019Atlantique, le Littoral, le Mono, le Couffo, l\u2019Ou\u00e9m\u00e9 , le Plateau, le Zou et les Collines<\/p>\n","protected":false},"excerpt":{"rendered":"<p>Mis en vigueur depuis le 29 avril 2019, le PADAAM est l\u2019un des projets actifs du ProCaR financ\u00e9 par le Fonds International pour le D\u00e9veloppement Agricole en milieu rural (FIDA).&hellip;<\/p>\n","protected":false},"author":1,"featured_media":1114,"comment_status":"closed","ping_status":"closed","sticky":false,"template":"","format":"standard","meta":{"_monsterinsights_skip_tracking":false,"_monsterinsights_sitenote_active":false,"_monsterinsights_sitenote_note":"","_monsterinsights_sitenote_category":0,"iawp_total_views":16,"footnotes":""},"categories":[15],"tags":[],"class_list":["post-1113","post","type-post","status-publish","format-standard","has-post-thumbnail","hentry","category-informations"],"aioseo_notices":[],"_links":{"self":[{"href":"https:\/\/procarbenin.org\/index.php?rest_route=\/wp\/v2\/posts\/1113","targetHints":{"allow":["GET"]}}],"collection":[{"href":"https:\/\/procarbenin.org\/index.php?rest_route=\/wp\/v2\/posts"}],"about":[{"href":"https:\/\/procarbenin.org\/index.php?rest_route=\/wp\/v2\/types\/post"}],"author":[{"embeddable":true,"href":"https:\/\/procarbenin.org\/index.php?rest_route=\/wp\/v2\/users\/1"}],"replies":[{"embeddable":true,"href":"https:\/\/procarbenin.org\/index.php?rest_route=%2Fwp%2Fv2%2Fcomments&post=1113"}],"version-history":[{"count":1,"href":"https:\/\/procarbenin.org\/index.php?rest_route=\/wp\/v2\/posts\/1113\/revisions"}],"predecessor-version":[{"id":1115,"href":"https:\/\/procarbenin.org\/index.php?rest_route=\/wp\/v2\/posts\/1113\/revisions\/1115"}],"wp:featuredmedia":[{"embeddable":true,"href":"https:\/\/procarbenin.org\/index.php?rest_route=\/wp\/v2\/media\/1114"}],"wp:attachment":[{"href":"https:\/\/procarbenin.org\/index.php?rest_route=%2Fwp%2Fv2%2Fmedia&parent=1113"}],"wp:term":[{"taxonomy":"category","embeddable":true,"href":"https:\/\/procarbenin.org\/index.php?rest_route=%2Fwp%2Fv2%2Fcategories&post=1113"},{"taxonomy":"post_tag","embeddable":true,"href":"https:\/\/procarbenin.org\/index.php?rest_route=%2Fwp%2Fv2%2Ftags&post=1113"}],"curies":[{"name":"wp","href":"https:\/\/api.w.org\/{rel}","templated":true}]}}